{"id":147044,"date":"2020-09-24T15:00:07","date_gmt":"2020-09-24T13:00:07","guid":{"rendered":"https:\/\/polishscience.pl\/?p=147044"},"modified":"2020-09-24T16:13:34","modified_gmt":"2020-09-24T14:13:34","slug":"ueber-die-sicherheit-der-europaeischen-staaten-an-einer-konferenz-in-slupsk","status":"publish","type":"post","link":"https:\/\/www.polishscience.pl\/de\/ueber-die-sicherheit-der-europaeischen-staaten-an-einer-konferenz-in-slupsk\/","title":{"rendered":"\u00dcber die Sicherheit der europ\u00e4ischen Staaten an einer Konferenz in S\u0142upsk"},"content":{"rendered":"<p><b>Das Lehrstuhl f\u00fcr Nationale Sicherheit des Instituts f\u00fcr Sicherheit und Management der Pommerschen Akademie S\u0142upsk l\u00e4dt zur 6. Internationalen Wissenschaftlichen Konferenz \u201eSicherheit der Staaten in Mittel- und Osteuropa im Kontext der grenz\u00fcberschreitenden Sicherheitsbedrohungen\u201d ein.<\/b><\/p>\n<p>Das Ziel der Konferenz, die am 26. und 27. November stattfinden wird, ist die Schaffung eines Forums f\u00fcr die interdisziplin\u00e4re Diskussion \u00fcber grenz\u00fcberschreitende Sicherheitsbedrohungen f\u00fcr Mittel- und Osteuropa in institutionell-rechtlicher, politischer, \u00f6kologischer, sozialer und wirtschaftlicher Perspektive. Man wird \u00fcber die mit den terroristischen Bedrohungen, Massenvernichtungswaffen und dem Schutz der Grenzen auf unterschiedlichen Ebenen \u2014 von nationaler bis regionaler und internationaler Sicherheit \u2014verbundenen Fragen debattieren.<\/p>\n<p>Die Konferenz soll eine M\u00f6glichkeit f\u00fcr den Wissens-, Meinungs- und Erfahrungsaustausch zwischen der akademischen Gemeinschaft und den Praktikern sowie allen Personen, f\u00fcr die die Fragen der grenz\u00fcberschreitenden Sicherheitsbedrohungen wichtiger Bezugspunkt in ihrer wissenschaftlichen und Forschungst\u00e4tigkeit sind, bieten \u2014 teilt die Universit\u00e4t mit.<span class=\"Apple-converted-space\">\u00a0<\/span><\/p>\n<p>Mehr: <a href=\"https:\/\/www.apsl.edu.pl\/aktualnosci-serwisu\/vi-miedzynarodowa-konferencja-naukowa-pn.-bezpieczenstwo-panstw-europy-srodkowej-i-wschodniej-w-kontekscie-transgranicznych-zagrozen-bezpieczenstwa\">https:\/\/www.apsl.edu.pl\/aktualnosci-serwisu\/vi-miedzynarodowa-konferencja-naukowa-pn.-bezpieczenstwo-panstw-europy-srodkowej-i-wschodniej-w-kontekscie-transgranicznych-zagrozen-bezpieczenstwa<\/a><\/p>\n","protected":false},"excerpt":{"rendered":"<p>Das Lehrstuhl f\u00fcr Nationale Sicherheit des Instituts f\u00fcr Sicherheit und Management der Pommerschen Akademie S\u0142upsk l\u00e4dt zur 6. Internationalen Wissenschaftlichen Konferenz \u201eSicherheit der Staaten in Mittel- und Osteuropa im Kontext der grenz\u00fcberschreitenden Sicherheitsbedrohungen\u201d ein. Das Ziel der Konferenz, die am 26. und 27. November stattfinden wird, ist die Schaffung eines Forums f\u00fcr die interdisziplin\u00e4re Diskussion [&hellip;]<\/p>\n","protected":false},"author":9,"featured_media":0,"comment_status":"closed","ping_status":"closed","sticky":false,"template":"","format":"standard","meta":[],"categories":[65],"tags":[],"_links":{"self":[{"href":"https:\/\/www.polishscience.pl\/de\/wp-json\/wp\/v2\/posts\/147044"}],"collection":[{"href":"https:\/\/www.polishscience.pl\/de\/wp-json\/wp\/v2\/posts"}],"about":[{"href":"https:\/\/www.polishscience.pl\/de\/wp-json\/wp\/v2\/types\/post"}],"author":[{"embeddable":true,"href":"https:\/\/www.polishscience.pl\/de\/wp-json\/wp\/v2\/users\/9"}],"replies":[{"embeddable":true,"href":"https:\/\/www.polishscience.pl\/de\/wp-json\/wp\/v2\/comments?post=147044"}],"version-history":[{"count":0,"href":"https:\/\/www.polishscience.pl\/de\/wp-json\/wp\/v2\/posts\/147044\/revisions"}],"wp:attachment":[{"href":"https:\/\/www.polishscience.pl\/de\/wp-json\/wp\/v2\/media?parent=147044"}],"wp:term":[{"taxonomy":"category","embeddable":true,"href":"https:\/\/www.polishscience.pl\/de\/wp-json\/wp\/v2\/categories?post=147044"},{"taxonomy":"post_tag","embeddable":true,"href":"https:\/\/www.polishscience.pl\/de\/wp-json\/wp\/v2\/tags?post=147044"}],"curies":[{"name":"wp","href":"https:\/\/api.w.org\/{rel}","templated":true}]}}