{"id":146576,"date":"2020-09-22T16:21:22","date_gmt":"2020-09-22T14:21:22","guid":{"rendered":"https:\/\/polishscience.pl\/?p=146576"},"modified":"2020-09-22T16:21:22","modified_gmt":"2020-09-22T14:21:22","slug":"labor-fuer-sozialforschung-an-der-akademie-fuer-technik-und-geisteswissenschaften-bielsko-biala","status":"publish","type":"post","link":"https:\/\/www.polishscience.pl\/de\/labor-fuer-sozialforschung-an-der-akademie-fuer-technik-und-geisteswissenschaften-bielsko-biala\/","title":{"rendered":"Labor f\u00fcr Sozialforschung an der Akademie f\u00fcr Technik und Geisteswissenschaften Bielsko-Bia\u0142a"},"content":{"rendered":"<p><b>Bei dem Lehrstuhl f\u00fcr Wirtschafts- und Sozialwissenschaften der Akademie f\u00fcr Technik und Geisteswissenschaften Bielsko-Bia\u0142a ist ein Labor f\u00fcr Sozialforschung \u201eSt\u00e4dtische Sensoria\u201d entstanden. Die dort durchgef\u00fchrte Forschung wird die Entwicklung der Region, der Stadt und der Hochschule f\u00f6rdern, da sie empirische Daten f\u00fcr Managementprozesse liefern wird.<span class=\"Apple-converted-space\">\u00a0<\/span><\/b><\/p>\n<p>Das Forschungsteam besch\u00e4ftigt sich u.a. mit modernen empirischen Untersuchungen der st\u00e4dtischen und regionalen Gemeinschaft, Analysen und Erstellung von Berichten, Ver\u00f6ffentlichungen, Organisation von Konferenzen und Seminaren, deren Ziel die Popularisierung der Sozialforschung ist. <span class=\"Apple-converted-space\">\u00a0<\/span><\/p>\n<p>Die Entstehung des Labors erm\u00f6glicht die Entwicklung der L\u00f6sungen und Empfehlungen, die mit lokalen Problemen, sozialen Krisen und Konflikten verbunden sind. Dies wird die Kooperation der Akademie mit anderen wissenschaftlichen Einrichtungen in Polen und im Ausland sowie mit lokalen Einrichtungen, Organisationen, Medien und Unternehmen verst\u00e4rken \u2014 lesen wir auf der Website der Hochschule.<span class=\"Apple-converted-space\">\u00a0<\/span><\/p>\n","protected":false},"excerpt":{"rendered":"<p>Bei dem Lehrstuhl f\u00fcr Wirtschafts- und Sozialwissenschaften der Akademie f\u00fcr Technik und Geisteswissenschaften Bielsko-Bia\u0142a ist ein Labor f\u00fcr Sozialforschung \u201eSt\u00e4dtische Sensoria\u201d entstanden. Die dort durchgef\u00fchrte Forschung wird die Entwicklung der Region, der Stadt und der Hochschule f\u00f6rdern, da sie empirische Daten f\u00fcr Managementprozesse liefern wird.\u00a0 Das Forschungsteam besch\u00e4ftigt sich u.a. mit modernen empirischen Untersuchungen der [&hellip;]<\/p>\n","protected":false},"author":9,"featured_media":0,"comment_status":"closed","ping_status":"closed","sticky":false,"template":"","format":"standard","meta":[],"categories":[65],"tags":[],"_links":{"self":[{"href":"https:\/\/www.polishscience.pl\/de\/wp-json\/wp\/v2\/posts\/146576"}],"collection":[{"href":"https:\/\/www.polishscience.pl\/de\/wp-json\/wp\/v2\/posts"}],"about":[{"href":"https:\/\/www.polishscience.pl\/de\/wp-json\/wp\/v2\/types\/post"}],"author":[{"embeddable":true,"href":"https:\/\/www.polishscience.pl\/de\/wp-json\/wp\/v2\/users\/9"}],"replies":[{"embeddable":true,"href":"https:\/\/www.polishscience.pl\/de\/wp-json\/wp\/v2\/comments?post=146576"}],"version-history":[{"count":0,"href":"https:\/\/www.polishscience.pl\/de\/wp-json\/wp\/v2\/posts\/146576\/revisions"}],"wp:attachment":[{"href":"https:\/\/www.polishscience.pl\/de\/wp-json\/wp\/v2\/media?parent=146576"}],"wp:term":[{"taxonomy":"category","embeddable":true,"href":"https:\/\/www.polishscience.pl\/de\/wp-json\/wp\/v2\/categories?post=146576"},{"taxonomy":"post_tag","embeddable":true,"href":"https:\/\/www.polishscience.pl\/de\/wp-json\/wp\/v2\/tags?post=146576"}],"curies":[{"name":"wp","href":"https:\/\/api.w.org\/{rel}","templated":true}]}}