{"id":145933,"date":"2020-09-16T14:05:47","date_gmt":"2020-09-16T12:05:47","guid":{"rendered":"https:\/\/polishscience.pl\/?p=145933"},"modified":"2020-09-16T14:05:47","modified_gmt":"2020-09-16T12:05:47","slug":"posen-konferenz-universitaet-waehrend-der-pandemie-im-september","status":"publish","type":"post","link":"https:\/\/www.polishscience.pl\/de\/posen-konferenz-universitaet-waehrend-der-pandemie-im-september\/","title":{"rendered":"Posen: Konferenz \u201eUniversit\u00e4t w\u00e4hrend der Pandemie\u201d im September"},"content":{"rendered":"<p><b>Die Naturwissenschaftliche Universit\u00e4t Posen l\u00e4dt am 24. September zur wissenschaftlichen Konferenz \u201eUniversit\u00e4t w\u00e4hrend der Pandemie: Wissenschaft, Didaktik, Verwaltung\u201d ein. Das Ziel der Konferenz ist der Erfahrungsaustausch sowie Identifizierung neuer Forschungsbereiche, die mit der aktuellen epidemischen Situation in Polen und in der Welt verbunden sind \u2014 teilt die Universit\u00e4t mit.<\/b><\/p>\n<p>Die Teilnehmer werden \u00fcber die mit der Pandemie verbundenen Probleme im weiten Kontext debattieren. Man wird u.a. solche Themen besprechen, die mit den neuen Forschungsfragen, die die Erforschung des Ausma\u00dfes<span class=\"Apple-converted-space\">\u00a0 <\/span>der Verbreitung sowie der Mechanismen und Folgen der Infizierung mit dem Coronavirus SARS-CoV-2 zum Ziel haben, sowie allgemeineren epidemiologischen Problemen und Umweltbedingungen verbunden sind.<\/p>\n<p>Die Organisatoren laden dazu ein, Probleme, die mit den als Folge der Pandemie eingef\u00fchrten organisatorischen Ver\u00e4nderungen in der Didaktik verbunden sind, zu pr\u00e4sentieren. Sie schlagen eine Diskussion \u00fcber die Einf\u00fchrung der Fernbildung sowie neue Methoden des Wissens- und F\u00e4higkeitserwerbs in der Zeit der Bedrohung mit SARS-CoV-2 vor.<\/p>\n<p>Mehr: <a href=\"https:\/\/puls.edu.pl\/ogloszenia\/dmik\/uniwersytet-w-czasach-pandemii-nauka-dydaktyka-administracja-0\">https:\/\/puls.edu.pl\/ogloszenia\/dmik\/uniwersytet-w-czasach-pandemii-nauka-dydaktyka-administracja-0<\/a><\/p>\n","protected":false},"excerpt":{"rendered":"<p>Die Naturwissenschaftliche Universit\u00e4t Posen l\u00e4dt am 24. September zur wissenschaftlichen Konferenz \u201eUniversit\u00e4t w\u00e4hrend der Pandemie: Wissenschaft, Didaktik, Verwaltung\u201d ein. Das Ziel der Konferenz ist der Erfahrungsaustausch sowie Identifizierung neuer Forschungsbereiche, die mit der aktuellen epidemischen Situation in Polen und in der Welt verbunden sind \u2014 teilt die Universit\u00e4t mit. Die Teilnehmer werden \u00fcber die mit [&hellip;]<\/p>\n","protected":false},"author":9,"featured_media":0,"comment_status":"closed","ping_status":"closed","sticky":false,"template":"","format":"standard","meta":[],"categories":[65],"tags":[],"_links":{"self":[{"href":"https:\/\/www.polishscience.pl\/de\/wp-json\/wp\/v2\/posts\/145933"}],"collection":[{"href":"https:\/\/www.polishscience.pl\/de\/wp-json\/wp\/v2\/posts"}],"about":[{"href":"https:\/\/www.polishscience.pl\/de\/wp-json\/wp\/v2\/types\/post"}],"author":[{"embeddable":true,"href":"https:\/\/www.polishscience.pl\/de\/wp-json\/wp\/v2\/users\/9"}],"replies":[{"embeddable":true,"href":"https:\/\/www.polishscience.pl\/de\/wp-json\/wp\/v2\/comments?post=145933"}],"version-history":[{"count":0,"href":"https:\/\/www.polishscience.pl\/de\/wp-json\/wp\/v2\/posts\/145933\/revisions"}],"wp:attachment":[{"href":"https:\/\/www.polishscience.pl\/de\/wp-json\/wp\/v2\/media?parent=145933"}],"wp:term":[{"taxonomy":"category","embeddable":true,"href":"https:\/\/www.polishscience.pl\/de\/wp-json\/wp\/v2\/categories?post=145933"},{"taxonomy":"post_tag","embeddable":true,"href":"https:\/\/www.polishscience.pl\/de\/wp-json\/wp\/v2\/tags?post=145933"}],"curies":[{"name":"wp","href":"https:\/\/api.w.org\/{rel}","templated":true}]}}