{"id":144663,"date":"2020-09-08T15:25:22","date_gmt":"2020-09-08T13:25:22","guid":{"rendered":"https:\/\/polishscience.pl\/?p=144663"},"modified":"2020-09-08T15:25:22","modified_gmt":"2020-09-08T13:25:22","slug":"forscherteam-aus-polen-und-tschechien-hat-das-phaenomen-der-farbabberation-bei-voegeln-erforscht-und-beschrieben","status":"publish","type":"post","link":"https:\/\/www.polishscience.pl\/de\/forscherteam-aus-polen-und-tschechien-hat-das-phaenomen-der-farbabberation-bei-voegeln-erforscht-und-beschrieben\/","title":{"rendered":"Forscherteam aus Polen und Tschechien hat das Ph\u00e4nomen der Farbabberation bei V\u00f6geln erforscht und beschrieben"},"content":{"rendered":"<p><b>Ein Team der Forscher aus Polen und Tschechien hat das Ph\u00e4nomen der Farbaberration bei V\u00f6geln erforscht und beschrieben. Die Ergebnisse der Studie wurden gerade in der renommierten Fachzeitschrift IBIS ver\u00f6ffentlicht. Zu der Gruppe, die fast 1000 Exemplare von 74 V\u00f6gelarten untersucht hat, geh\u00f6rt Prof. Piotr Tryjanowski von der Naturwissenschaftlichen Universit\u00e4t Posen \u2014 teilt die Universit\u00e4t mit.<\/b><\/p>\n<p>Die Forscher haben Internet-Datenquellen \u2014 Filme und Fotos der nicht-artspezifisch gef\u00e4rbten V\u00f6gel, die im Internet ver\u00f6ffentlicht wurden, genutzt. Solche Instrumente werden immer h\u00e4ufiger in Umwelt- und Evolutionsstudien gebraucht. Die Wissenschaftler betonen jedoch, dass die Nutzung solcher Daten nicht f\u00fcr alle Forschungsfragen richtig ist und ihre Nutzung bei der Analysen sehr vorsichtig sein soll.<span class=\"Apple-converted-space\">\u00a0<\/span><\/p>\n<p>Aus der Studie ergibt es sich, dass die nicht-artspezifisch gef\u00e4rbten V\u00f6gel \u2014 vor allem Rabenv\u00f6gel, Amsel und Haussperlinge \u2014 fast \u00fcberall vorkommen, aber am meisten in gro\u00dfen St\u00e4dten und um diese St\u00e4dte herum. Dies kann sich jedoch aus der gr\u00f6\u00dferen Anzahl der Personen, die die Beobachtungen und\/oder Lebensbedingungen in einer Umwelt, die die Mutation f\u00f6rdert, dokumentieren, ergeben.<span class=\"Apple-converted-space\">\u00a0<\/span><\/p>\n<p>Mehr: <a href=\"https:\/\/puls.edu.pl\/ogloszenia\/dmik\/kawka-z-mlekiem-czyli-rzecz-o-nietypowo-ubarwionych-ptakach\">https:\/\/puls.edu.pl\/ogloszenia\/dmik\/kawka-z-mlekiem-czyli-rzecz-o-nietypowo-ubarwionych-ptakach<\/a><\/p>\n","protected":false},"excerpt":{"rendered":"<p>Ein Team der Forscher aus Polen und Tschechien hat das Ph\u00e4nomen der Farbaberration bei V\u00f6geln erforscht und beschrieben. Die Ergebnisse der Studie wurden gerade in der renommierten Fachzeitschrift IBIS ver\u00f6ffentlicht. Zu der Gruppe, die fast 1000 Exemplare von 74 V\u00f6gelarten untersucht hat, geh\u00f6rt Prof. Piotr Tryjanowski von der Naturwissenschaftlichen Universit\u00e4t Posen \u2014 teilt die Universit\u00e4t [&hellip;]<\/p>\n","protected":false},"author":9,"featured_media":0,"comment_status":"closed","ping_status":"closed","sticky":false,"template":"","format":"standard","meta":[],"categories":[65],"tags":[],"_links":{"self":[{"href":"https:\/\/www.polishscience.pl\/de\/wp-json\/wp\/v2\/posts\/144663"}],"collection":[{"href":"https:\/\/www.polishscience.pl\/de\/wp-json\/wp\/v2\/posts"}],"about":[{"href":"https:\/\/www.polishscience.pl\/de\/wp-json\/wp\/v2\/types\/post"}],"author":[{"embeddable":true,"href":"https:\/\/www.polishscience.pl\/de\/wp-json\/wp\/v2\/users\/9"}],"replies":[{"embeddable":true,"href":"https:\/\/www.polishscience.pl\/de\/wp-json\/wp\/v2\/comments?post=144663"}],"version-history":[{"count":0,"href":"https:\/\/www.polishscience.pl\/de\/wp-json\/wp\/v2\/posts\/144663\/revisions"}],"wp:attachment":[{"href":"https:\/\/www.polishscience.pl\/de\/wp-json\/wp\/v2\/media?parent=144663"}],"wp:term":[{"taxonomy":"category","embeddable":true,"href":"https:\/\/www.polishscience.pl\/de\/wp-json\/wp\/v2\/categories?post=144663"},{"taxonomy":"post_tag","embeddable":true,"href":"https:\/\/www.polishscience.pl\/de\/wp-json\/wp\/v2\/tags?post=144663"}],"curies":[{"name":"wp","href":"https:\/\/api.w.org\/{rel}","templated":true}]}}