{"id":142880,"date":"2020-08-26T16:14:02","date_gmt":"2020-08-26T14:14:02","guid":{"rendered":"https:\/\/polishscience.pl\/?p=142880"},"modified":"2020-08-26T16:14:02","modified_gmt":"2020-08-26T14:14:02","slug":"treffen-der-behoerden-der-universitaet-warschau-und-der-medizinischen-universitaet-warschau","status":"publish","type":"post","link":"https:\/\/www.polishscience.pl\/de\/treffen-der-behoerden-der-universitaet-warschau-und-der-medizinischen-universitaet-warschau\/","title":{"rendered":"Treffen der Beh\u00f6rden der Universit\u00e4t Warschau und der Medizinischen Universit\u00e4t Warschau"},"content":{"rendered":"<p><b>Am 24. August 2020 hat das Treffen der Vertreter der Universit\u00e4t Warschau und der Medizinischen Universit\u00e4t Warschau, an dem die Rektoren und Prorektoren der beiden Hochschulen der laufenden Amtszeit sowie neue Rektoren, die das Amt im September antreten werden, teilgenommen.<\/b><\/p>\n<p>Die Gespr\u00e4che betrafen die Entwicklung wissenschaftlicher und didaktischer Zusammenarbeit. W\u00e4hrend des Treffens haben die Rektoren das Interesse an der Fortsetzung strategischer Kooperation der beiden Universit\u00e4ten best\u00e4tigt. Sie haben den aktuellen Zustand der Zusammenarbeit sowie die eventuelle F\u00f6deralisation analysiert.<span class=\"Apple-converted-space\">\u00a0<\/span><\/p>\n<p>Das Konzept der F\u00f6deralisation und das Projekt ihres Statuts wurden 2019 vorbereitet. Das Projekt wurde danach von Beh\u00f6rden der Universit\u00e4t Warschau und der Medizinischen Universit\u00e4t Warschau bef\u00fcrwortet und zur Vereinbarung mit dem Ministerium f\u00fcr Wissenschaft und Hochschulbildung weitergeleitet. Das Ministerium hat positiv das vorgeschlagene Modell der F\u00f6deration bewertet. Seine Einf\u00fchrung erfordert eine \u00c4nderung des Gesetzes, womit das Wissenschaftsministerium einverstanden ist.<\/p>\n","protected":false},"excerpt":{"rendered":"<p>Am 24. August 2020 hat das Treffen der Vertreter der Universit\u00e4t Warschau und der Medizinischen Universit\u00e4t Warschau, an dem die Rektoren und Prorektoren der beiden Hochschulen der laufenden Amtszeit sowie neue Rektoren, die das Amt im September antreten werden, teilgenommen. Die Gespr\u00e4che betrafen die Entwicklung wissenschaftlicher und didaktischer Zusammenarbeit. W\u00e4hrend des Treffens haben die Rektoren [&hellip;]<\/p>\n","protected":false},"author":9,"featured_media":0,"comment_status":"closed","ping_status":"closed","sticky":false,"template":"","format":"standard","meta":[],"categories":[59],"tags":[],"_links":{"self":[{"href":"https:\/\/www.polishscience.pl\/de\/wp-json\/wp\/v2\/posts\/142880"}],"collection":[{"href":"https:\/\/www.polishscience.pl\/de\/wp-json\/wp\/v2\/posts"}],"about":[{"href":"https:\/\/www.polishscience.pl\/de\/wp-json\/wp\/v2\/types\/post"}],"author":[{"embeddable":true,"href":"https:\/\/www.polishscience.pl\/de\/wp-json\/wp\/v2\/users\/9"}],"replies":[{"embeddable":true,"href":"https:\/\/www.polishscience.pl\/de\/wp-json\/wp\/v2\/comments?post=142880"}],"version-history":[{"count":0,"href":"https:\/\/www.polishscience.pl\/de\/wp-json\/wp\/v2\/posts\/142880\/revisions"}],"wp:attachment":[{"href":"https:\/\/www.polishscience.pl\/de\/wp-json\/wp\/v2\/media?parent=142880"}],"wp:term":[{"taxonomy":"category","embeddable":true,"href":"https:\/\/www.polishscience.pl\/de\/wp-json\/wp\/v2\/categories?post=142880"},{"taxonomy":"post_tag","embeddable":true,"href":"https:\/\/www.polishscience.pl\/de\/wp-json\/wp\/v2\/tags?post=142880"}],"curies":[{"name":"wp","href":"https:\/\/api.w.org\/{rel}","templated":true}]}}