{"id":142504,"date":"2020-08-24T15:29:17","date_gmt":"2020-08-24T13:29:17","guid":{"rendered":"https:\/\/polishscience.pl\/?p=142504"},"modified":"2020-08-24T15:29:17","modified_gmt":"2020-08-24T13:29:17","slug":"17-konferenz-informatik-in-der-bildung-im-september-in-online-form","status":"publish","type":"post","link":"https:\/\/www.polishscience.pl\/de\/17-konferenz-informatik-in-der-bildung-im-september-in-online-form\/","title":{"rendered":"17. Konferenz \u201eInformatik in der Bildung\u201d \u2014 im September in Online-Form"},"content":{"rendered":"<p><b>\u201eComputergest\u00fctzte Ausbildung vs. Entwicklung der Gesellschaft. Fernunterricht\u201d \u2014 so wird das Thema der 17. Konferenz \u201eInformatik in der Bildung\u201d, die vom 22. bis zum 25. September stattfinden wird, lauten. Die Veranstaltung wird von der Fakult\u00e4t f\u00fcr Mathematik und Informatik der Nikolaus-Kopernikus-Universit\u00e4t Toru\u0144 und der Niederlassung der Polnischen Gesellschaft f\u00fcr Informatik Kujawien-Pommern organisiert.<\/b><\/p>\n<p>Die diesj\u00e4hrige Auflage der Konferenz wird \u00fcber das Internet stattfinden. Das wichtigste Thema des Treffens ist die Informatik, deren Lehrbereich in der geltenden Programmgrundlage festgelegt ist.<\/p>\n<p>Die Themen der Auftritte lauten wie folgt: Inhaltliche und methodische Aspekte des Informatik-Unterrichts; Inhaltliche und methodische Aspekte des Fernunterrichts; Organisation des Fernunterrichts aus der Perspektive eines Schuldirektors, eines Lehrers, Eltern und Sch\u00fcler;<span class=\"Apple-converted-space\">\u00a0 <\/span>Informatik und Fernunterricht vs. Bed\u00fcrfnisse der Schulen, Lehrer, Sch\u00fcler und Eltern; Vorbereitung der Lehrer auf den Informatikunterricht und Fernunterricht sowie die Vision der neuen Schule.<span class=\"Apple-converted-space\">\u00a0<\/span><\/p>\n","protected":false},"excerpt":{"rendered":"<p>\u201eComputergest\u00fctzte Ausbildung vs. Entwicklung der Gesellschaft. Fernunterricht\u201d \u2014 so wird das Thema der 17. Konferenz \u201eInformatik in der Bildung\u201d, die vom 22. bis zum 25. September stattfinden wird, lauten. Die Veranstaltung wird von der Fakult\u00e4t f\u00fcr Mathematik und Informatik der Nikolaus-Kopernikus-Universit\u00e4t Toru\u0144 und der Niederlassung der Polnischen Gesellschaft f\u00fcr Informatik Kujawien-Pommern organisiert. Die diesj\u00e4hrige Auflage [&hellip;]<\/p>\n","protected":false},"author":9,"featured_media":0,"comment_status":"closed","ping_status":"closed","sticky":false,"template":"","format":"standard","meta":[],"categories":[65],"tags":[],"_links":{"self":[{"href":"https:\/\/www.polishscience.pl\/de\/wp-json\/wp\/v2\/posts\/142504"}],"collection":[{"href":"https:\/\/www.polishscience.pl\/de\/wp-json\/wp\/v2\/posts"}],"about":[{"href":"https:\/\/www.polishscience.pl\/de\/wp-json\/wp\/v2\/types\/post"}],"author":[{"embeddable":true,"href":"https:\/\/www.polishscience.pl\/de\/wp-json\/wp\/v2\/users\/9"}],"replies":[{"embeddable":true,"href":"https:\/\/www.polishscience.pl\/de\/wp-json\/wp\/v2\/comments?post=142504"}],"version-history":[{"count":0,"href":"https:\/\/www.polishscience.pl\/de\/wp-json\/wp\/v2\/posts\/142504\/revisions"}],"wp:attachment":[{"href":"https:\/\/www.polishscience.pl\/de\/wp-json\/wp\/v2\/media?parent=142504"}],"wp:term":[{"taxonomy":"category","embeddable":true,"href":"https:\/\/www.polishscience.pl\/de\/wp-json\/wp\/v2\/categories?post=142504"},{"taxonomy":"post_tag","embeddable":true,"href":"https:\/\/www.polishscience.pl\/de\/wp-json\/wp\/v2\/tags?post=142504"}],"curies":[{"name":"wp","href":"https:\/\/api.w.org\/{rel}","templated":true}]}}