{"id":141929,"date":"2020-08-19T15:31:51","date_gmt":"2020-08-19T13:31:51","guid":{"rendered":"https:\/\/polishscience.pl\/?p=141929"},"modified":"2020-08-19T15:31:51","modified_gmt":"2020-08-19T13:31:51","slug":"wissenschaftler-ueberpruefen-das-risiko-des-vorzeitigen-und-spaeten-alterns","status":"publish","type":"post","link":"https:\/\/www.polishscience.pl\/de\/wissenschaftler-ueberpruefen-das-risiko-des-vorzeitigen-und-spaeten-alterns\/","title":{"rendered":"Wissenschaftler \u00fcberpr\u00fcfen das Risiko des vorzeitigen und sp\u00e4ten Alterns"},"content":{"rendered":"<p><b>Wissenschaftler von der Universit\u00e4t \u0141\u00f3d\u017a beteiligen sich in einem Konsortium mit der Jagiellonen-Universit\u00e4t Krakau und der Pommerschen Medizinischen Universit\u00e4t Stettin an einem Projekt, dank dem bald das Risiko des vorzeitigen und sp\u00e4ten Alterns vorhersehbar sein wird.<\/b><\/p>\n<p>Das Projekt wird vom Nationalen Zentrum f\u00fcr Forschung und Entwicklung gef\u00f6rdert.<span class=\"Apple-converted-space\">\u00a0<\/span><\/p>\n<p>In \u0141\u00f3d\u017a m\u00f6chten die Forscher 300 Personen, die das 30. Lebensjahr vollendet haben, untersuchen. Bisher haben sich 50 Personen angemeldet, es gibt noch 250 freie Pl\u00e4tze \u2014 erkl\u00e4rt Prof. Aneta Sitek vom Lehrstuhl f\u00fcr Anthropologie der Universit\u00e4t \u0141\u00f3d\u017a, die die Forschung seitens dieser Universit\u00e4t \u00fcberwacht.<span class=\"Apple-converted-space\">\u00a0<\/span><\/p>\n<p>Das Ziel der Studie ist die Suche nach genetischen und epigenetischen Markern (Ver\u00e4nderungen, die sich im Genom unabh\u00e4ngig von Ver\u00e4nderungen in der DNA-Sequenz vollziehen). Dies wird das Vorhersehen des Risikos des vorzeitigen Alterns, darunter den vorzeitigen Haarausfall, das Auftreten von Falten sowie des sp\u00e4ten Alterns m\u00f6glich machen.<\/p>\n<p>Die Untersuchung dauert 30-40 Minuten. Sie besteht aus einer Blutentnahme und Entnahme des Abstrichs aus dem Mundschleimhaut sowie Anfertigung einer Fotografie und eines Scans des Gesichts und des Kopfes.<\/p>\n","protected":false},"excerpt":{"rendered":"<p>Wissenschaftler von der Universit\u00e4t \u0141\u00f3d\u017a beteiligen sich in einem Konsortium mit der Jagiellonen-Universit\u00e4t Krakau und der Pommerschen Medizinischen Universit\u00e4t Stettin an einem Projekt, dank dem bald das Risiko des vorzeitigen und sp\u00e4ten Alterns vorhersehbar sein wird. Das Projekt wird vom Nationalen Zentrum f\u00fcr Forschung und Entwicklung gef\u00f6rdert.\u00a0 In \u0141\u00f3d\u017a m\u00f6chten die Forscher 300 Personen, die [&hellip;]<\/p>\n","protected":false},"author":9,"featured_media":0,"comment_status":"closed","ping_status":"closed","sticky":false,"template":"","format":"standard","meta":[],"categories":[63],"tags":[],"_links":{"self":[{"href":"https:\/\/www.polishscience.pl\/de\/wp-json\/wp\/v2\/posts\/141929"}],"collection":[{"href":"https:\/\/www.polishscience.pl\/de\/wp-json\/wp\/v2\/posts"}],"about":[{"href":"https:\/\/www.polishscience.pl\/de\/wp-json\/wp\/v2\/types\/post"}],"author":[{"embeddable":true,"href":"https:\/\/www.polishscience.pl\/de\/wp-json\/wp\/v2\/users\/9"}],"replies":[{"embeddable":true,"href":"https:\/\/www.polishscience.pl\/de\/wp-json\/wp\/v2\/comments?post=141929"}],"version-history":[{"count":0,"href":"https:\/\/www.polishscience.pl\/de\/wp-json\/wp\/v2\/posts\/141929\/revisions"}],"wp:attachment":[{"href":"https:\/\/www.polishscience.pl\/de\/wp-json\/wp\/v2\/media?parent=141929"}],"wp:term":[{"taxonomy":"category","embeddable":true,"href":"https:\/\/www.polishscience.pl\/de\/wp-json\/wp\/v2\/categories?post=141929"},{"taxonomy":"post_tag","embeddable":true,"href":"https:\/\/www.polishscience.pl\/de\/wp-json\/wp\/v2\/tags?post=141929"}],"curies":[{"name":"wp","href":"https:\/\/api.w.org\/{rel}","templated":true}]}}