{"id":141465,"date":"2020-08-17T13:06:52","date_gmt":"2020-08-17T11:06:52","guid":{"rendered":"https:\/\/polishscience.pl\/?p=141465"},"modified":"2020-08-17T13:06:52","modified_gmt":"2020-08-17T11:06:52","slug":"14-sommerschule-fuer-zeitgeschichte","status":"publish","type":"post","link":"https:\/\/www.polishscience.pl\/de\/14-sommerschule-fuer-zeitgeschichte\/","title":{"rendered":"14. Sommerschule f\u00fcr Zeitgeschichte"},"content":{"rendered":"<p><b>Das Institut f\u00fcr Nationales Gedenken l\u00e4dt zur Teilnahme an der 14. Auflage der Sommerschule f\u00fcr Zeitgeschichte ein. Die Veranstaltung ist an Doktoranden und Studierende in h\u00f6heren Studienjahren, die sich in ihrer Forschung mit den mit der breit verstandenen Zeitgeschichte Polens verbunden Themen besch\u00e4ftigen, gerichtet.<\/b><\/p>\n<p>In vorigen Jahren fanden im Rahmen der Sommerschule die Vorlesungen von anerkannten Kennern der j\u00fcngeren Geschichte (u.a. Prof. Antoni Dudek, Prof. Agnieszka Kolasa-Nowak, Prof. Grzegorz Motyka, Prof. Andrzej Paczkowski und Prof. W\u0142odzimierz Suleja), Diskussionen, Seminare sowie Workshops (u.a. zum Thema der Verwendung der \u201egesprochenen Geschichte\u201d, der Kunst der Pr\u00e4sentation sowie zur F\u00f6rderung der F\u00e4higkeiten der Verfassung eines popul\u00e4rwissenschaftlichen Textes) statt. Das diesj\u00e4hrige Programm wird \u00e4hnlichen Charakter haben \u2014 teilt das Institut f\u00fcr Nationales Gedenken mit.<\/p>\n<p>Die Schule wird vom 7. bis zum 12. September 2020 in einem Konferenzzentrum in der N\u00e4he von Warschau stattfinden.<\/p>\n","protected":false},"excerpt":{"rendered":"<p>Das Institut f\u00fcr Nationales Gedenken l\u00e4dt zur Teilnahme an der 14. Auflage der Sommerschule f\u00fcr Zeitgeschichte ein. Die Veranstaltung ist an Doktoranden und Studierende in h\u00f6heren Studienjahren, die sich in ihrer Forschung mit den mit der breit verstandenen Zeitgeschichte Polens verbunden Themen besch\u00e4ftigen, gerichtet. In vorigen Jahren fanden im Rahmen der Sommerschule die Vorlesungen von [&hellip;]<\/p>\n","protected":false},"author":9,"featured_media":0,"comment_status":"closed","ping_status":"closed","sticky":false,"template":"","format":"standard","meta":[],"categories":[61,65],"tags":[],"_links":{"self":[{"href":"https:\/\/www.polishscience.pl\/de\/wp-json\/wp\/v2\/posts\/141465"}],"collection":[{"href":"https:\/\/www.polishscience.pl\/de\/wp-json\/wp\/v2\/posts"}],"about":[{"href":"https:\/\/www.polishscience.pl\/de\/wp-json\/wp\/v2\/types\/post"}],"author":[{"embeddable":true,"href":"https:\/\/www.polishscience.pl\/de\/wp-json\/wp\/v2\/users\/9"}],"replies":[{"embeddable":true,"href":"https:\/\/www.polishscience.pl\/de\/wp-json\/wp\/v2\/comments?post=141465"}],"version-history":[{"count":0,"href":"https:\/\/www.polishscience.pl\/de\/wp-json\/wp\/v2\/posts\/141465\/revisions"}],"wp:attachment":[{"href":"https:\/\/www.polishscience.pl\/de\/wp-json\/wp\/v2\/media?parent=141465"}],"wp:term":[{"taxonomy":"category","embeddable":true,"href":"https:\/\/www.polishscience.pl\/de\/wp-json\/wp\/v2\/categories?post=141465"},{"taxonomy":"post_tag","embeddable":true,"href":"https:\/\/www.polishscience.pl\/de\/wp-json\/wp\/v2\/tags?post=141465"}],"curies":[{"name":"wp","href":"https:\/\/api.w.org\/{rel}","templated":true}]}}