{"id":140806,"date":"2020-08-12T16:36:37","date_gmt":"2020-08-12T14:36:37","guid":{"rendered":"https:\/\/polishscience.pl\/?p=140806"},"modified":"2020-08-12T16:36:37","modified_gmt":"2020-08-12T14:36:37","slug":"gdynia-explory-week-dieses-jahr-ganz-ueber-das-internet","status":"publish","type":"post","link":"https:\/\/www.polishscience.pl\/de\/gdynia-explory-week-dieses-jahr-ganz-ueber-das-internet\/","title":{"rendered":"Gdynia E(x)plory Week dieses Jahr ganz \u00fcber das Internet"},"content":{"rendered":"<p><b>Die Stiftung f\u00fcr Fortgeschrittene Technologien und der Pommersche Wissenschafts- und Technologiepark Gdynia laden zur Gdynia E(x)plory Week \u2014 der polenweit gr\u00f6\u00dften Veranstaltung, die Wissenschaft und moderne Technologien f\u00f6rdert und seit 2013 organisiert wird, ein.<\/b><\/p>\n<p>Dieses Jahr \u00e4ndern sowohl der Kongress, der am 24. und 25. September stattfinden wird, als auch regionale Phasen und das Finale des Wissenschaftlichen Wettbewerbs E(x)plory und Festivals E(x)plory, welche die Wissenschaft unter Jugendlichen f\u00f6rdern, ihre Form. Die Veranstaltungen werden ganzheitlich auf das Internet verschoben.<\/p>\n<p>Auf einer virtuellen Plattform wird man an Vorlesungen und Diskussionen \u00fcber alternative Formen der Ausbildung teilnehmen. An praktischen Beispielen aus eigenen Einrichtungen werden die G\u00e4ste des Kongresses u.a. dar\u00fcber erz\u00e4hlen, welche Auswirkung der Stress auf das Gehirn hat, wie man ohne Lehrb\u00fccher lernen kann, worin die demokratische Bildung besteht und was unter dem Begriff \u201avisuelles Denken\u2019 zu verstehen ist \u2014 lesen wir auf der Website des Pommerschen Wissenschafts- und Technologieparks Gdynia.<span class=\"Apple-converted-space\">\u00a0<\/span><\/p>\n<p>Mehr: <a href=\"http:\/\/www.kongres.explory.pl\">www.kongres.explory.pl<\/a><\/p>\n","protected":false},"excerpt":{"rendered":"<p>Die Stiftung f\u00fcr Fortgeschrittene Technologien und der Pommersche Wissenschafts- und Technologiepark Gdynia laden zur Gdynia E(x)plory Week \u2014 der polenweit gr\u00f6\u00dften Veranstaltung, die Wissenschaft und moderne Technologien f\u00f6rdert und seit 2013 organisiert wird, ein. Dieses Jahr \u00e4ndern sowohl der Kongress, der am 24. und 25. September stattfinden wird, als auch regionale Phasen und das Finale [&hellip;]<\/p>\n","protected":false},"author":9,"featured_media":0,"comment_status":"closed","ping_status":"closed","sticky":false,"template":"","format":"standard","meta":[],"categories":[65],"tags":[],"_links":{"self":[{"href":"https:\/\/www.polishscience.pl\/de\/wp-json\/wp\/v2\/posts\/140806"}],"collection":[{"href":"https:\/\/www.polishscience.pl\/de\/wp-json\/wp\/v2\/posts"}],"about":[{"href":"https:\/\/www.polishscience.pl\/de\/wp-json\/wp\/v2\/types\/post"}],"author":[{"embeddable":true,"href":"https:\/\/www.polishscience.pl\/de\/wp-json\/wp\/v2\/users\/9"}],"replies":[{"embeddable":true,"href":"https:\/\/www.polishscience.pl\/de\/wp-json\/wp\/v2\/comments?post=140806"}],"version-history":[{"count":0,"href":"https:\/\/www.polishscience.pl\/de\/wp-json\/wp\/v2\/posts\/140806\/revisions"}],"wp:attachment":[{"href":"https:\/\/www.polishscience.pl\/de\/wp-json\/wp\/v2\/media?parent=140806"}],"wp:term":[{"taxonomy":"category","embeddable":true,"href":"https:\/\/www.polishscience.pl\/de\/wp-json\/wp\/v2\/categories?post=140806"},{"taxonomy":"post_tag","embeddable":true,"href":"https:\/\/www.polishscience.pl\/de\/wp-json\/wp\/v2\/tags?post=140806"}],"curies":[{"name":"wp","href":"https:\/\/api.w.org\/{rel}","templated":true}]}}