{"id":140798,"date":"2020-08-12T14:46:14","date_gmt":"2020-08-12T12:46:14","guid":{"rendered":"https:\/\/polishscience.pl\/?p=140798"},"modified":"2020-08-12T14:46:14","modified_gmt":"2020-08-12T12:46:14","slug":"wissenschaftliche-konferenz-gemeinsame-wege-geisteswissenschaftler-ueber-den-menschen","status":"publish","type":"post","link":"https:\/\/www.polishscience.pl\/de\/wissenschaftliche-konferenz-gemeinsame-wege-geisteswissenschaftler-ueber-den-menschen\/","title":{"rendered":"Wissenschaftliche Konferenz Gemeinsame Wege: \u201eGeisteswissenschaftler \u00fcber den Menschen\u201d"},"content":{"rendered":"<p><b>Der wissenschaftliche Kreis der Doktoranden von der Fakult\u00e4t f\u00fcr Geisteswissenschaften, der Fakult\u00e4tsrat der Doktorandenvertretung und der Fakult\u00e4tsrat der Studierendenvertretung der Fakult\u00e4t f\u00fcr Geisteswissenschaften von der Maria-Sk\u0142odowska-Curie-Universit\u00e4t Lublin laden Studierende und Doktoranden aller geisteswissenschaftlicher Studieng\u00e4nge zur Teilnahme an wissenschaftlicher Konferenz mit dem Titel Gemeinsame Wege \u201eGeisteswissenschaftler \u00fcber den Menschen\u201d, die am 21. und 22. September 2020 stattfinden wird, ein.<\/b><\/p>\n<p>Die Konferenz wird aus der Ferne stattfinden.<\/p>\n<p>Das Ziel der Veranstaltung ist die Schaffung eines Forums f\u00fcr den Dialogs junger Wissenschaftler. Die Organisatoren rechnen darauf, dass die vorgeschlagene Problematik die Teilnahme der Vertreter unterschiedlicher Disziplinen im Bereich der Geisteswissenschaften aus wissenschaftlichen Einrichtungen in Polen und im Ausland erm\u00f6glichen wird. Sie werden die Ergebnisse ihrer Forschung pr\u00e4sentieren k\u00f6nnen.<span class=\"Apple-converted-space\">\u00a0<\/span><\/p>\n<p>Mehr:<\/p>\n<p><span class=\"Apple-converted-space\">\u00a0<\/span><a href=\"https:\/\/phavi.umcs.pl\/at\/attachments\/2020\/0710\/143727-formularz-zgloszeniowy-wspolne-drogi-2020-1-.doc\">https:\/\/phavi.umcs.pl\/at\/attachments\/2020\/0710\/143727-formularz-zgloszeniowy-wspolne-drogi-2020-1-.doc<\/a><span class=\"Apple-converted-space\">\u00a0<\/span><\/p>\n","protected":false},"excerpt":{"rendered":"<p>Der wissenschaftliche Kreis der Doktoranden von der Fakult\u00e4t f\u00fcr Geisteswissenschaften, der Fakult\u00e4tsrat der Doktorandenvertretung und der Fakult\u00e4tsrat der Studierendenvertretung der Fakult\u00e4t f\u00fcr Geisteswissenschaften von der Maria-Sk\u0142odowska-Curie-Universit\u00e4t Lublin laden Studierende und Doktoranden aller geisteswissenschaftlicher Studieng\u00e4nge zur Teilnahme an wissenschaftlicher Konferenz mit dem Titel Gemeinsame Wege \u201eGeisteswissenschaftler \u00fcber den Menschen\u201d, die am 21. und 22. September 2020 [&hellip;]<\/p>\n","protected":false},"author":9,"featured_media":0,"comment_status":"closed","ping_status":"closed","sticky":false,"template":"","format":"standard","meta":[],"categories":[61,65],"tags":[],"_links":{"self":[{"href":"https:\/\/www.polishscience.pl\/de\/wp-json\/wp\/v2\/posts\/140798"}],"collection":[{"href":"https:\/\/www.polishscience.pl\/de\/wp-json\/wp\/v2\/posts"}],"about":[{"href":"https:\/\/www.polishscience.pl\/de\/wp-json\/wp\/v2\/types\/post"}],"author":[{"embeddable":true,"href":"https:\/\/www.polishscience.pl\/de\/wp-json\/wp\/v2\/users\/9"}],"replies":[{"embeddable":true,"href":"https:\/\/www.polishscience.pl\/de\/wp-json\/wp\/v2\/comments?post=140798"}],"version-history":[{"count":0,"href":"https:\/\/www.polishscience.pl\/de\/wp-json\/wp\/v2\/posts\/140798\/revisions"}],"wp:attachment":[{"href":"https:\/\/www.polishscience.pl\/de\/wp-json\/wp\/v2\/media?parent=140798"}],"wp:term":[{"taxonomy":"category","embeddable":true,"href":"https:\/\/www.polishscience.pl\/de\/wp-json\/wp\/v2\/categories?post=140798"},{"taxonomy":"post_tag","embeddable":true,"href":"https:\/\/www.polishscience.pl\/de\/wp-json\/wp\/v2\/tags?post=140798"}],"curies":[{"name":"wp","href":"https:\/\/api.w.org\/{rel}","templated":true}]}}