{"id":140192,"date":"2020-08-07T16:51:02","date_gmt":"2020-08-07T14:51:02","guid":{"rendered":"https:\/\/polishscience.pl\/?p=140192"},"modified":"2020-08-07T16:51:02","modified_gmt":"2020-08-07T14:51:02","slug":"bildungsimkerei-und-gemeinschaftsgarten-in-der-niederlassung-der-adam-mickiewicz-universitaet-in-pila","status":"publish","type":"post","link":"https:\/\/www.polishscience.pl\/de\/bildungsimkerei-und-gemeinschaftsgarten-in-der-niederlassung-der-adam-mickiewicz-universitaet-in-pila\/","title":{"rendered":"Bildungsimkerei und Gemeinschaftsgarten in der Niederlassung der Adam-Mickiewicz-Universit\u00e4t in Pi\u0142a"},"content":{"rendered":"<p><b>Auf dem Gel\u00e4nde des Instituts an der Netze der Adam-Mickiewicz-Universit\u00e4t in Pi\u0142a entsteht eine Bildungsimkerei und ein Gemeinschaftsgarten. Im ersten Bienenstock wohnen schon milde und flei\u00dfige Bienen der polnischen Rasse Carnica aus der Linie Galizien.<\/b><\/p>\n<p>Die Imkerei und der Garten machen um das Geb\u00e4ude des Instituts in Pi\u0142a einen naturalistischen Garten aus. Die Wissenschaftler wollen dort experimentelle Untersuchungen \u00fcber die Vegetationsver\u00e4nderungen in St\u00e4dten und Hausg\u00e4rten, die mit dem Klimawandel verbunden sind, durchf\u00fchren. Der Garten entsteht in der Zusammenarbeit mit der Stiftung Biene und dem Werkstatt f\u00fcr Gartenkunst. Das Gel\u00e4nde wurde bereits eingez\u00e4unt. Es wurde auch eine Blumenwiese angelegt. F\u00fcr Bienen bereitet man einen F\u00fctterungsstreifen vor, der allm\u00e4hlich w\u00e4hrend der ganzen Vegetationsperiode bl\u00fchen und die Nahrung f\u00fcr die Bienen bereitstellen wird.<\/p>\n<p>Die Bienen haben haben ihren Platz auch auf dem Gebiet der Adam-Mickiewicz-Universit\u00e4t in Posen gefunden. Im Herbst 2019 hat man f\u00fcr sie auf dem Campus Morasko einzelne H\u00e4user und Hotels gestellt \u2014 lesen wir auf der Website der Universit\u00e4t.<span class=\"Apple-converted-space\">\u00a0<\/span><\/p>\n","protected":false},"excerpt":{"rendered":"<p>Auf dem Gel\u00e4nde des Instituts an der Netze der Adam-Mickiewicz-Universit\u00e4t in Pi\u0142a entsteht eine Bildungsimkerei und ein Gemeinschaftsgarten. Im ersten Bienenstock wohnen schon milde und flei\u00dfige Bienen der polnischen Rasse Carnica aus der Linie Galizien. Die Imkerei und der Garten machen um das Geb\u00e4ude des Instituts in Pi\u0142a einen naturalistischen Garten aus. Die Wissenschaftler wollen [&hellip;]<\/p>\n","protected":false},"author":9,"featured_media":0,"comment_status":"closed","ping_status":"closed","sticky":false,"template":"","format":"standard","meta":[],"categories":[65],"tags":[],"_links":{"self":[{"href":"https:\/\/www.polishscience.pl\/de\/wp-json\/wp\/v2\/posts\/140192"}],"collection":[{"href":"https:\/\/www.polishscience.pl\/de\/wp-json\/wp\/v2\/posts"}],"about":[{"href":"https:\/\/www.polishscience.pl\/de\/wp-json\/wp\/v2\/types\/post"}],"author":[{"embeddable":true,"href":"https:\/\/www.polishscience.pl\/de\/wp-json\/wp\/v2\/users\/9"}],"replies":[{"embeddable":true,"href":"https:\/\/www.polishscience.pl\/de\/wp-json\/wp\/v2\/comments?post=140192"}],"version-history":[{"count":0,"href":"https:\/\/www.polishscience.pl\/de\/wp-json\/wp\/v2\/posts\/140192\/revisions"}],"wp:attachment":[{"href":"https:\/\/www.polishscience.pl\/de\/wp-json\/wp\/v2\/media?parent=140192"}],"wp:term":[{"taxonomy":"category","embeddable":true,"href":"https:\/\/www.polishscience.pl\/de\/wp-json\/wp\/v2\/categories?post=140192"},{"taxonomy":"post_tag","embeddable":true,"href":"https:\/\/www.polishscience.pl\/de\/wp-json\/wp\/v2\/tags?post=140192"}],"curies":[{"name":"wp","href":"https:\/\/api.w.org\/{rel}","templated":true}]}}