{"id":140024,"date":"2020-08-06T17:59:23","date_gmt":"2020-08-06T15:59:23","guid":{"rendered":"https:\/\/polishscience.pl\/?p=140024"},"modified":"2020-08-06T17:59:23","modified_gmt":"2020-08-06T15:59:23","slug":"technische-universitaet-koszalin-laedt-zur-konferenz-massaker-von-katyn-in-der-wahrnehmung-der-polen-im-ausland-und-in-der-internationalen-meinung-ein","status":"publish","type":"post","link":"https:\/\/www.polishscience.pl\/de\/technische-universitaet-koszalin-laedt-zur-konferenz-massaker-von-katyn-in-der-wahrnehmung-der-polen-im-ausland-und-in-der-internationalen-meinung-ein\/","title":{"rendered":"Technische Universit\u00e4t Koszalin l\u00e4dt zur Konferenz \u201eMassaker von Katy\u0144 in der Wahrnehmung der Polen im Ausland und in der internationalen Meinung\u201d ein"},"content":{"rendered":"<p><b>Die Fakult\u00e4t f\u00fcr Geisteswissenschaften der Technischen Universit\u00e4t Koszalin l\u00e4dt am 12. und 13. November zur Konferenz \u201eMassaker von Katy\u0144 in der Wahrnehmung der Polen im Ausland und in der internationalen Meinung\u201d ein. Die Vorschl\u00e4ge der Auftritte kann man bis zum 10. September anmelden \u2014 teilt die Universit\u00e4t mit.<\/b><\/p>\n<p>Die Organisatoren schlagen folgende Themenbl\u00f6cke vor: Massaker von Katy\u0144 in der Exilpublizistik, -presse und wissenschaftlicher T\u00e4tigkeit; politische Initiativen des polnischen Exils f\u00fcr die Kl\u00e4rung und Bestrafung der T\u00e4ter; Massaker von Katy\u0144 im kollektiven Ged\u00e4chtnis der Polen im In- und Ausland; sowie internationale Stellungnahme zu dem Massaker von Katy\u0144 und ihren T\u00e4tern.<span class=\"Apple-converted-space\">\u00a0<\/span><\/p>\n<p>Die Fakult\u00e4t f\u00fcr Geisteswissenschaften der Technischen Universit\u00e4t Koszalin geh\u00f6rt zu den f\u00fchrenden Forschungseinrichtungen in Polen, die unterschiedliche Aspekte der Verbrechen untersuchen. Aus der Initiative der Mitarbeiter dieser Fakult\u00e4t hat 1995 wissenschaftliche Konferenz \u201eNKWD-Verbrechen auf dem Gebiet der \u00f6stlichen Woiwodschaften der Republik Polen 1939-1956\u201d stattgefunden. Seit 2010 werden Quellensammlungen aus der Reihe\u201dMassaker von Katy\u0144 in der Wahrnehmung des polnischen Exils in Gro\u00dfbritannien 1949-1990\u201d herausgegeben.<span class=\"Apple-converted-space\">\u00a0<\/span><\/p>\n","protected":false},"excerpt":{"rendered":"<p>Die Fakult\u00e4t f\u00fcr Geisteswissenschaften der Technischen Universit\u00e4t Koszalin l\u00e4dt am 12. und 13. November zur Konferenz \u201eMassaker von Katy\u0144 in der Wahrnehmung der Polen im Ausland und in der internationalen Meinung\u201d ein. Die Vorschl\u00e4ge der Auftritte kann man bis zum 10. September anmelden \u2014 teilt die Universit\u00e4t mit. Die Organisatoren schlagen folgende Themenbl\u00f6cke vor: Massaker [&hellip;]<\/p>\n","protected":false},"author":9,"featured_media":0,"comment_status":"closed","ping_status":"closed","sticky":false,"template":"","format":"standard","meta":[],"categories":[61,65],"tags":[],"_links":{"self":[{"href":"https:\/\/www.polishscience.pl\/de\/wp-json\/wp\/v2\/posts\/140024"}],"collection":[{"href":"https:\/\/www.polishscience.pl\/de\/wp-json\/wp\/v2\/posts"}],"about":[{"href":"https:\/\/www.polishscience.pl\/de\/wp-json\/wp\/v2\/types\/post"}],"author":[{"embeddable":true,"href":"https:\/\/www.polishscience.pl\/de\/wp-json\/wp\/v2\/users\/9"}],"replies":[{"embeddable":true,"href":"https:\/\/www.polishscience.pl\/de\/wp-json\/wp\/v2\/comments?post=140024"}],"version-history":[{"count":0,"href":"https:\/\/www.polishscience.pl\/de\/wp-json\/wp\/v2\/posts\/140024\/revisions"}],"wp:attachment":[{"href":"https:\/\/www.polishscience.pl\/de\/wp-json\/wp\/v2\/media?parent=140024"}],"wp:term":[{"taxonomy":"category","embeddable":true,"href":"https:\/\/www.polishscience.pl\/de\/wp-json\/wp\/v2\/categories?post=140024"},{"taxonomy":"post_tag","embeddable":true,"href":"https:\/\/www.polishscience.pl\/de\/wp-json\/wp\/v2\/tags?post=140024"}],"curies":[{"name":"wp","href":"https:\/\/api.w.org\/{rel}","templated":true}]}}