{"id":139294,"date":"2020-08-03T14:29:15","date_gmt":"2020-08-03T12:29:15","guid":{"rendered":"https:\/\/polishscience.pl\/?p=139294"},"modified":"2020-08-03T17:31:42","modified_gmt":"2020-08-03T15:31:42","slug":"wissenschaftler-von-der-universitaet-warschau-unter-preistraegern-der-aufforderung-sonatina","status":"publish","type":"post","link":"https:\/\/www.polishscience.pl\/de\/wissenschaftler-von-der-universitaet-warschau-unter-preistraegern-der-aufforderung-sonatina\/","title":{"rendered":"Wissenschaftler von der Universit\u00e4t Warschau unter Preistr\u00e4gern der Aufforderung Sonatina"},"content":{"rendered":"<p><b>Drei Forscher von der Universit\u00e4t Warschau haben Zusch\u00fcsse in der vierten Auflage der Aufforderung Sonatina, die vom Nationalen Wissenschaftszentrum organisiert wird, erhalten. An der Aufforderung konnten Wissenschaftler teilnehmen, die den Doktortitel nicht l\u00e4nger als drei Jahre lang haben.<\/b><\/p>\n<p>Im Rahmen der diesj\u00e4hrigen Auflage hat man 166 Antr\u00e4ge eingereicht. Die Finanzmittel f\u00fcr die Durchf\u00fchrung der Projekte und Praktika in ausl\u00e4ndischen Forschungseinrichtungen haben 35 Forscher, darunter drei Wissenschaftler von der Universit\u00e4t Warschau, erhalten.<span class=\"Apple-converted-space\">\u00a0<\/span><\/p>\n<p>Projekte junger Forscher von der Universit\u00e4t Warschau, die vom Nationalen Wissenschaftszentrum gef\u00f6rdert werden:<span class=\"Apple-converted-space\">\u00a0<\/span><\/p>\n<p>\u201ePriester und Personal der Tempel im Ptolem\u00e4ischen \u00c4gypten. Soziale und wirtschaftliche Aspekte\u201d unter der Leitung von Dr. Joanna Wilimowska von der Fakult\u00e4t f\u00fcr Geschichte.<\/p>\n<p>\u201eAnalyse des Begriffs der juristischen Person aus der ontologisch-sprachlichen Perspektive\u201d unter der Leitung von Dr. Pawe\u0142 Bana\u015b von der Fakult\u00e4t f\u00fcr Recht und Verwaltung.<\/p>\n<p>\u201eProduktion und Verbrauch der K\u00fcchenkeramik aus der Studie Paphos Agora Project auf Zypern in der mittleren und sp\u00e4tr\u00f6mischen Zeit (3. &#8211; 7. Jahrhundert n.Chr.) auf dem Hintergrund der politischen, wirtschaftlichen und sozialen Ver\u00e4nderungen\u201d unter der Leitung von Kamila Noco\u0144 vom Kazimierz-Micha\u0142owski-Zentrum f\u00fcr Mittelmeerarch\u00e4ologie.<span class=\"Apple-converted-space\">\u00a0<\/span><\/p>\n","protected":false},"excerpt":{"rendered":"<p>Drei Forscher von der Universit\u00e4t Warschau haben Zusch\u00fcsse in der vierten Auflage der Aufforderung Sonatina, die vom Nationalen Wissenschaftszentrum organisiert wird, erhalten. An der Aufforderung konnten Wissenschaftler teilnehmen, die den Doktortitel nicht l\u00e4nger als drei Jahre lang haben. Im Rahmen der diesj\u00e4hrigen Auflage hat man 166 Antr\u00e4ge eingereicht. Die Finanzmittel f\u00fcr die Durchf\u00fchrung der Projekte [&hellip;]<\/p>\n","protected":false},"author":9,"featured_media":0,"comment_status":"closed","ping_status":"closed","sticky":false,"template":"","format":"standard","meta":[],"categories":[61],"tags":[],"_links":{"self":[{"href":"https:\/\/www.polishscience.pl\/de\/wp-json\/wp\/v2\/posts\/139294"}],"collection":[{"href":"https:\/\/www.polishscience.pl\/de\/wp-json\/wp\/v2\/posts"}],"about":[{"href":"https:\/\/www.polishscience.pl\/de\/wp-json\/wp\/v2\/types\/post"}],"author":[{"embeddable":true,"href":"https:\/\/www.polishscience.pl\/de\/wp-json\/wp\/v2\/users\/9"}],"replies":[{"embeddable":true,"href":"https:\/\/www.polishscience.pl\/de\/wp-json\/wp\/v2\/comments?post=139294"}],"version-history":[{"count":0,"href":"https:\/\/www.polishscience.pl\/de\/wp-json\/wp\/v2\/posts\/139294\/revisions"}],"wp:attachment":[{"href":"https:\/\/www.polishscience.pl\/de\/wp-json\/wp\/v2\/media?parent=139294"}],"wp:term":[{"taxonomy":"category","embeddable":true,"href":"https:\/\/www.polishscience.pl\/de\/wp-json\/wp\/v2\/categories?post=139294"},{"taxonomy":"post_tag","embeddable":true,"href":"https:\/\/www.polishscience.pl\/de\/wp-json\/wp\/v2\/tags?post=139294"}],"curies":[{"name":"wp","href":"https:\/\/api.w.org\/{rel}","templated":true}]}}