{"id":138720,"date":"2020-07-29T15:17:57","date_gmt":"2020-07-29T13:17:57","guid":{"rendered":"https:\/\/polishscience.pl\/?p=138720"},"modified":"2020-07-29T15:17:57","modified_gmt":"2020-07-29T13:17:57","slug":"zusammenarbeit-der-hochschulen-aus-warschau-und-lublin","status":"publish","type":"post","link":"https:\/\/www.polishscience.pl\/de\/zusammenarbeit-der-hochschulen-aus-warschau-und-lublin\/","title":{"rendered":"Zusammenarbeit der Hochschulen aus Warschau und Lublin"},"content":{"rendered":"<p><b>Die Kardinal-Stefan-Wyszy\u0144ski-Universit\u00e4t Warschau, die Medizinische Universit\u00e4t Lublin und die Maria-Sk\u0142odowska-Curie-Universit\u00e4t Lublin haben eine Zusammenarbeit im Bereich der Medizin, der Naturwissenschaften, der Digitalisierung und der Telemedizin aufgenommen.<\/b><\/p>\n<p>Das Treffen von Pf. Prof. Stanis\u0142aw Dzieko\u0144ski, Rektor der Kardinal-Stefan-Wyszy\u0144ski-Universit\u00e4t Warschau, Prof. Wojciech Za\u0142uski, Rektor der Medizinischen Universit\u00e4t Lublin und Prof. Wies\u0142aw Gruszecki, Prorektor f\u00fcr Wissenschaft der Maria-Sk\u0142odowska-Curie-Universit\u00e4t Lublin, das Mitte Juli stattgefunden hat, betraf die Bedingungen und Grunds\u00e4tze der zuk\u00fcnftigen gemeinsamen Ma\u00dfnahmen.<span class=\"Apple-converted-space\">\u00a0<\/span><\/p>\n<p>Am Anfang werden dies Forschungsprojekte unter Einsatz der Digitaltechnik, die konkrete soziale Probleme l\u00f6sen werden z.B. ein mit der Telemedizin in der Augenheilkunde verbundenes Projekt, sein.<span class=\"Apple-converted-space\">\u00a0<\/span><\/p>\n<p>Langfristig wird die Zusammenarbeit mehrere Bereiche auf der regionalen, gesamtpolnischen und internationalen Ebene umfassen.<\/p>\n","protected":false},"excerpt":{"rendered":"<p>Die Kardinal-Stefan-Wyszy\u0144ski-Universit\u00e4t Warschau, die Medizinische Universit\u00e4t Lublin und die Maria-Sk\u0142odowska-Curie-Universit\u00e4t Lublin haben eine Zusammenarbeit im Bereich der Medizin, der Naturwissenschaften, der Digitalisierung und der Telemedizin aufgenommen. Das Treffen von Pf. Prof. Stanis\u0142aw Dzieko\u0144ski, Rektor der Kardinal-Stefan-Wyszy\u0144ski-Universit\u00e4t Warschau, Prof. Wojciech Za\u0142uski, Rektor der Medizinischen Universit\u00e4t Lublin und Prof. Wies\u0142aw Gruszecki, Prorektor f\u00fcr Wissenschaft der Maria-Sk\u0142odowska-Curie-Universit\u00e4t Lublin, [&hellip;]<\/p>\n","protected":false},"author":9,"featured_media":0,"comment_status":"closed","ping_status":"closed","sticky":false,"template":"","format":"standard","meta":[],"categories":[59],"tags":[],"_links":{"self":[{"href":"https:\/\/www.polishscience.pl\/de\/wp-json\/wp\/v2\/posts\/138720"}],"collection":[{"href":"https:\/\/www.polishscience.pl\/de\/wp-json\/wp\/v2\/posts"}],"about":[{"href":"https:\/\/www.polishscience.pl\/de\/wp-json\/wp\/v2\/types\/post"}],"author":[{"embeddable":true,"href":"https:\/\/www.polishscience.pl\/de\/wp-json\/wp\/v2\/users\/9"}],"replies":[{"embeddable":true,"href":"https:\/\/www.polishscience.pl\/de\/wp-json\/wp\/v2\/comments?post=138720"}],"version-history":[{"count":0,"href":"https:\/\/www.polishscience.pl\/de\/wp-json\/wp\/v2\/posts\/138720\/revisions"}],"wp:attachment":[{"href":"https:\/\/www.polishscience.pl\/de\/wp-json\/wp\/v2\/media?parent=138720"}],"wp:term":[{"taxonomy":"category","embeddable":true,"href":"https:\/\/www.polishscience.pl\/de\/wp-json\/wp\/v2\/categories?post=138720"},{"taxonomy":"post_tag","embeddable":true,"href":"https:\/\/www.polishscience.pl\/de\/wp-json\/wp\/v2\/tags?post=138720"}],"curies":[{"name":"wp","href":"https:\/\/api.w.org\/{rel}","templated":true}]}}