{"id":138581,"date":"2020-07-28T17:17:32","date_gmt":"2020-07-28T15:17:32","guid":{"rendered":"https:\/\/polishscience.pl\/?p=138581"},"modified":"2020-07-28T17:17:32","modified_gmt":"2020-07-28T15:17:32","slug":"schulung-fuer-wissenschaftler-ueber-die-vorbereitung-der-antraege-auf-zuschuesse-des-europaeischen-forschungsrates","status":"publish","type":"post","link":"https:\/\/www.polishscience.pl\/de\/schulung-fuer-wissenschaftler-ueber-die-vorbereitung-der-antraege-auf-zuschuesse-des-europaeischen-forschungsrates\/","title":{"rendered":"Schulung f\u00fcr Wissenschaftler \u00fcber die Vorbereitung der Antr\u00e4ge auf Zusch\u00fcsse des Europ\u00e4ischen Forschungsrates"},"content":{"rendered":"<p><b>Die Polnische Akademie der Wissenschaften und Wiener Institut f\u00fcr Humanwissenschaften laden Wissenschaftler zu einem Kurs ein, der dieVorbereitung der Antr\u00e4ge auf renommierte Zusch\u00fcsse des Europ\u00e4ischen Forschungsrates betreffen wird.<\/b><\/p>\n<p>Dies ist ein Vorschlag f\u00fcr Forscher, die Geistes- und Sozialwissenschaften vertreten. Die Schulung wird \u00fcber das Internet am 4 und 5. September erfolgen. Die Anmeldung dauert bis zum 11. August.<\/p>\n<p>W\u00e4hrend des zweit\u00e4gigen Workshops ERC Mentoring werden die Experten vom Europ\u00e4ischen Forschungsrat ihre Kenntnisse und Erfahrungen in Bezug auf die Vorbereitung eines Bewerbungsantrags mitteilen. Die Teilnehmer werden dagegen ihre Forschungsprojekte pr\u00e4sentieren und sich individuell beraten lassen k\u00f6nnen.<\/p>\n<p>Die Schulung wird man auf Englisch durchf\u00fchren.<\/p>\n<p>Mehr: <a href=\"https:\/\/docs.google.com\/forms\/d\/e\/1FAIpQLSfrQoJz5nH9j0-O1q_WKmvrXUFbsRmrlnkbPL321yY4ZDldHw\/viewform?fbzx=2872395361258842082\">https:\/\/docs.google.com\/forms\/d\/e\/1FAIpQLSfrQoJz5nH9j0-O1q_WKmvrXUFbsRmrlnkbPL321yY4ZDldHw\/viewform?fbzx=2872395361258842082<\/a><\/p>\n","protected":false},"excerpt":{"rendered":"<p>Die Polnische Akademie der Wissenschaften und Wiener Institut f\u00fcr Humanwissenschaften laden Wissenschaftler zu einem Kurs ein, der dieVorbereitung der Antr\u00e4ge auf renommierte Zusch\u00fcsse des Europ\u00e4ischen Forschungsrates betreffen wird. Dies ist ein Vorschlag f\u00fcr Forscher, die Geistes- und Sozialwissenschaften vertreten. Die Schulung wird \u00fcber das Internet am 4 und 5. September erfolgen. Die Anmeldung dauert bis [&hellip;]<\/p>\n","protected":false},"author":9,"featured_media":0,"comment_status":"closed","ping_status":"closed","sticky":false,"template":"","format":"standard","meta":[],"categories":[60,65],"tags":[],"_links":{"self":[{"href":"https:\/\/www.polishscience.pl\/de\/wp-json\/wp\/v2\/posts\/138581"}],"collection":[{"href":"https:\/\/www.polishscience.pl\/de\/wp-json\/wp\/v2\/posts"}],"about":[{"href":"https:\/\/www.polishscience.pl\/de\/wp-json\/wp\/v2\/types\/post"}],"author":[{"embeddable":true,"href":"https:\/\/www.polishscience.pl\/de\/wp-json\/wp\/v2\/users\/9"}],"replies":[{"embeddable":true,"href":"https:\/\/www.polishscience.pl\/de\/wp-json\/wp\/v2\/comments?post=138581"}],"version-history":[{"count":0,"href":"https:\/\/www.polishscience.pl\/de\/wp-json\/wp\/v2\/posts\/138581\/revisions"}],"wp:attachment":[{"href":"https:\/\/www.polishscience.pl\/de\/wp-json\/wp\/v2\/media?parent=138581"}],"wp:term":[{"taxonomy":"category","embeddable":true,"href":"https:\/\/www.polishscience.pl\/de\/wp-json\/wp\/v2\/categories?post=138581"},{"taxonomy":"post_tag","embeddable":true,"href":"https:\/\/www.polishscience.pl\/de\/wp-json\/wp\/v2\/tags?post=138581"}],"curies":[{"name":"wp","href":"https:\/\/api.w.org\/{rel}","templated":true}]}}