{"id":137973,"date":"2020-07-23T17:13:55","date_gmt":"2020-07-23T15:13:55","guid":{"rendered":"https:\/\/polishscience.pl\/?p=137973"},"modified":"2020-07-23T17:13:55","modified_gmt":"2020-07-23T15:13:55","slug":"in-siedlce-wird-man-recht-studieren-koennen","status":"publish","type":"post","link":"https:\/\/www.polishscience.pl\/de\/in-siedlce-wird-man-recht-studieren-koennen\/","title":{"rendered":"In Siedlce wird man Recht studieren k\u00f6nnen"},"content":{"rendered":"<p><b>Die Universit\u00e4t f\u00fcr Natur- und Geisteswissenschaften Siedlce hat mitgeteilt, das an der Uni ab dem neuen akademischen Jahr neuer Studiengang \u2014 Recht \u2014 starten wird.<\/b><\/p>\n<p>Der neue Studiengang wurde an der Fakult\u00e4t f\u00fcr Sozialwissenschaften, am Institut f\u00fcr Politikwissenschaften und Verwaltung geschaffen. Dies wird einheitliches f\u00fcnfj\u00e4hriges Magisterstudium sein.<\/p>\n<p>Die Vorbereitungen haben mehrere Monate gedauert. Man hat Lehrpersonal zusammengestellt und Vereinbarungen mit externen Partnern geschlossen. Die Studierenden sollen n\u00e4mlich insgesamt 960 Stunden also sechs Monate in Einrichtungen, die mit der Anwendung des Rechtes verbunden sind, verbringen.<\/p>\n<p>Wir haben schon Vertr\u00e4ge mit dem Bezirksgericht und der Bezirksstaatsanwaltschaft Siedlce, sowie mit Rechtsanwalts-, Rechtsbeistands- und Notariatskanzleien. Wir legen gro\u00dfen Wert auf die h\u00f6chste Niveau dieses Studiums \u2014 hat Rektorin der Universit\u00e4t f\u00fcr Natur- und Geisteswissenschaften, Dr. habil. Tamara Zacharuk, Professorin dieser Universit\u00e4t festgestellt.<span class=\"Apple-converted-space\">\u00a0<\/span><\/p>\n<p>Die Absolventen der Sekundarschulen k\u00f6nnen sich f\u00fcr diesen Studiengang mittels der Elektronischen Registrierung der Kandidaten anmelden.<span class=\"Apple-converted-space\">\u00a0<\/span><\/p>\n","protected":false},"excerpt":{"rendered":"<p>Die Universit\u00e4t f\u00fcr Natur- und Geisteswissenschaften Siedlce hat mitgeteilt, das an der Uni ab dem neuen akademischen Jahr neuer Studiengang \u2014 Recht \u2014 starten wird. Der neue Studiengang wurde an der Fakult\u00e4t f\u00fcr Sozialwissenschaften, am Institut f\u00fcr Politikwissenschaften und Verwaltung geschaffen. Dies wird einheitliches f\u00fcnfj\u00e4hriges Magisterstudium sein. Die Vorbereitungen haben mehrere Monate gedauert. Man hat [&hellip;]<\/p>\n","protected":false},"author":9,"featured_media":0,"comment_status":"closed","ping_status":"closed","sticky":false,"template":"","format":"standard","meta":[],"categories":[59],"tags":[],"_links":{"self":[{"href":"https:\/\/www.polishscience.pl\/de\/wp-json\/wp\/v2\/posts\/137973"}],"collection":[{"href":"https:\/\/www.polishscience.pl\/de\/wp-json\/wp\/v2\/posts"}],"about":[{"href":"https:\/\/www.polishscience.pl\/de\/wp-json\/wp\/v2\/types\/post"}],"author":[{"embeddable":true,"href":"https:\/\/www.polishscience.pl\/de\/wp-json\/wp\/v2\/users\/9"}],"replies":[{"embeddable":true,"href":"https:\/\/www.polishscience.pl\/de\/wp-json\/wp\/v2\/comments?post=137973"}],"version-history":[{"count":0,"href":"https:\/\/www.polishscience.pl\/de\/wp-json\/wp\/v2\/posts\/137973\/revisions"}],"wp:attachment":[{"href":"https:\/\/www.polishscience.pl\/de\/wp-json\/wp\/v2\/media?parent=137973"}],"wp:term":[{"taxonomy":"category","embeddable":true,"href":"https:\/\/www.polishscience.pl\/de\/wp-json\/wp\/v2\/categories?post=137973"},{"taxonomy":"post_tag","embeddable":true,"href":"https:\/\/www.polishscience.pl\/de\/wp-json\/wp\/v2\/tags?post=137973"}],"curies":[{"name":"wp","href":"https:\/\/api.w.org\/{rel}","templated":true}]}}