{"id":137969,"date":"2020-07-23T15:48:35","date_gmt":"2020-07-23T13:48:35","guid":{"rendered":"https:\/\/polishscience.pl\/?p=137969"},"modified":"2020-07-23T15:48:35","modified_gmt":"2020-07-23T13:48:35","slug":"preis-made-in-poland-fuer-die-technische-universitaet-lodz","status":"publish","type":"post","link":"https:\/\/www.polishscience.pl\/de\/preis-made-in-poland-fuer-die-technische-universitaet-lodz\/","title":{"rendered":"Preis \u201eMade in Poland\u201d f\u00fcr die Technische Universit\u00e4t \u0141\u00f3d\u017a"},"content":{"rendered":"<p><b>Die Technische Universit\u00e4t \u0141\u00f3d\u017a hat den Preis \u201eMade in Poland 2020\u201d f\u00fcr \u201ema\u00dfgebliche Auswirkung auf die Entwicklung nationaler Wirtschaft durch Zusammenarbeit der Hochschule mit Unternehmern und Selbstverwaltung sowie F\u00f6rderung der polnischen Hochschulbildung\u201d erhalten.<\/b><\/p>\n<p>Die Preistr\u00e4ger hat man w\u00e4hrend des Kongresses \u201eMade in Poland\u201d, der von der Polnischen Agentur f\u00fcr Unternehmertum organisiert wurde, bekannt gegeben.<\/p>\n<p>Am Kongress \u201eMade in Poland\u201d haben polnischer Hersteller, Wissenschaftler und Mitglieder der Selbstverwaltung teilgenommen. Der Kongress f\u00f6rdert polnische Produkte und Dienstleistungen und bildet gleichzeitig Verbraucherbewusstsein.<\/p>\n<p>Das Programm &#8222;Made in Poland\u201d wird von der Polnischen Agentur f\u00fcr Unternehmertum sowie Redaktionen von \u201eForum Przedsi\u0119biorczo\u015bci\u201d \u2014 Beilage der Zeitung \u201eDziennik Gazeta Prawna\u201d sowie \u201eBiznes Plus\u201d \u2014 Beilage der Zeitung \u201eGazeta Wyborcza\u201d durchgef\u00fchrt.<\/p>\n","protected":false},"excerpt":{"rendered":"<p>Die Technische Universit\u00e4t \u0141\u00f3d\u017a hat den Preis \u201eMade in Poland 2020\u201d f\u00fcr \u201ema\u00dfgebliche Auswirkung auf die Entwicklung nationaler Wirtschaft durch Zusammenarbeit der Hochschule mit Unternehmern und Selbstverwaltung sowie F\u00f6rderung der polnischen Hochschulbildung\u201d erhalten. Die Preistr\u00e4ger hat man w\u00e4hrend des Kongresses \u201eMade in Poland\u201d, der von der Polnischen Agentur f\u00fcr Unternehmertum organisiert wurde, bekannt gegeben. Am [&hellip;]<\/p>\n","protected":false},"author":9,"featured_media":0,"comment_status":"closed","ping_status":"closed","sticky":false,"template":"","format":"standard","meta":[],"categories":[59,64],"tags":[],"_links":{"self":[{"href":"https:\/\/www.polishscience.pl\/de\/wp-json\/wp\/v2\/posts\/137969"}],"collection":[{"href":"https:\/\/www.polishscience.pl\/de\/wp-json\/wp\/v2\/posts"}],"about":[{"href":"https:\/\/www.polishscience.pl\/de\/wp-json\/wp\/v2\/types\/post"}],"author":[{"embeddable":true,"href":"https:\/\/www.polishscience.pl\/de\/wp-json\/wp\/v2\/users\/9"}],"replies":[{"embeddable":true,"href":"https:\/\/www.polishscience.pl\/de\/wp-json\/wp\/v2\/comments?post=137969"}],"version-history":[{"count":0,"href":"https:\/\/www.polishscience.pl\/de\/wp-json\/wp\/v2\/posts\/137969\/revisions"}],"wp:attachment":[{"href":"https:\/\/www.polishscience.pl\/de\/wp-json\/wp\/v2\/media?parent=137969"}],"wp:term":[{"taxonomy":"category","embeddable":true,"href":"https:\/\/www.polishscience.pl\/de\/wp-json\/wp\/v2\/categories?post=137969"},{"taxonomy":"post_tag","embeddable":true,"href":"https:\/\/www.polishscience.pl\/de\/wp-json\/wp\/v2\/tags?post=137969"}],"curies":[{"name":"wp","href":"https:\/\/api.w.org\/{rel}","templated":true}]}}