{"id":135124,"date":"2020-07-02T15:55:46","date_gmt":"2020-07-02T13:55:46","guid":{"rendered":"https:\/\/polishscience.pl\/?p=135124"},"modified":"2020-07-02T15:55:46","modified_gmt":"2020-07-02T13:55:46","slug":"wissenschaftliches-seminar-anlaesslich-des-100-jahrestages-der-geburt-von-johannes-paul-ii-sowie-des-100-jahrestages-der-schlacht-bei-warschau","status":"publish","type":"post","link":"https:\/\/www.polishscience.pl\/de\/wissenschaftliches-seminar-anlaesslich-des-100-jahrestages-der-geburt-von-johannes-paul-ii-sowie-des-100-jahrestages-der-schlacht-bei-warschau\/","title":{"rendered":"Wissenschaftliches Seminar anl\u00e4sslich des 100. Jahrestages der Geburt von Johannes Paul II. sowie des 100. Jahrestages der Schlacht bei Warschau"},"content":{"rendered":"<p><b>Die \u0141azarski-Hochschule Warschau organisiert am 7. Juli 2020 wissenschaftliches Seminar anl\u00e4sslich des 100. Jahrestags der Geburt von Johannes Paul II. sowie 100. Jahrestags der Schlacht bei Warschau. Das Seminar wird \u00fcber das Internat stattfinden.<\/b><\/p>\n<p>Pf. Prof. Dr. habil. Franciszek Longchamps de B\u00e9rier\u00a0von der Jagiellonen-Universit\u00e4t Krakau wird einen Vortrag mit dem Titel \u201eJohannes Paul II. \u2014 Recht und Anthropologie\u201d halten, Dr. habil. Krzysztof \u0141azarski von der \u0141azarski-Hochschule Warschau wird das Thema \u201eWiedererlangung der Unabh\u00e4ngigkeit und des Staates von Polen: doppeltes Wunder im 20. Jahrhundert\u201d entwickeln und Dr. habil. Marek Ga\u0142\u0119zowski, leitender Experte im B\u00fcro f\u00fcr Nationale Bildung des Instituts f\u00fcr Nationales Gedenken wird seine \u00dcberlegungen zum Thema polnisch-sowjetischer Krieg und sein internationaler Kontext pr\u00e4sentieren.<\/p>\n<p>Das Seminar wird auf der Plattform der Hochschule Microsoft Teams stattfinden.<span class=\"Apple-converted-space\">\u00a0<\/span><\/p>\n","protected":false},"excerpt":{"rendered":"<p>Die \u0141azarski-Hochschule Warschau organisiert am 7. Juli 2020 wissenschaftliches Seminar anl\u00e4sslich des 100. Jahrestags der Geburt von Johannes Paul II. sowie 100. Jahrestags der Schlacht bei Warschau. Das Seminar wird \u00fcber das Internat stattfinden. Pf. Prof. Dr. habil. Franciszek Longchamps de B\u00e9rier\u00a0von der Jagiellonen-Universit\u00e4t Krakau wird einen Vortrag mit dem Titel \u201eJohannes Paul II. \u2014 [&hellip;]<\/p>\n","protected":false},"author":9,"featured_media":0,"comment_status":"closed","ping_status":"closed","sticky":false,"template":"","format":"standard","meta":[],"categories":[65],"tags":[],"_links":{"self":[{"href":"https:\/\/www.polishscience.pl\/de\/wp-json\/wp\/v2\/posts\/135124"}],"collection":[{"href":"https:\/\/www.polishscience.pl\/de\/wp-json\/wp\/v2\/posts"}],"about":[{"href":"https:\/\/www.polishscience.pl\/de\/wp-json\/wp\/v2\/types\/post"}],"author":[{"embeddable":true,"href":"https:\/\/www.polishscience.pl\/de\/wp-json\/wp\/v2\/users\/9"}],"replies":[{"embeddable":true,"href":"https:\/\/www.polishscience.pl\/de\/wp-json\/wp\/v2\/comments?post=135124"}],"version-history":[{"count":0,"href":"https:\/\/www.polishscience.pl\/de\/wp-json\/wp\/v2\/posts\/135124\/revisions"}],"wp:attachment":[{"href":"https:\/\/www.polishscience.pl\/de\/wp-json\/wp\/v2\/media?parent=135124"}],"wp:term":[{"taxonomy":"category","embeddable":true,"href":"https:\/\/www.polishscience.pl\/de\/wp-json\/wp\/v2\/categories?post=135124"},{"taxonomy":"post_tag","embeddable":true,"href":"https:\/\/www.polishscience.pl\/de\/wp-json\/wp\/v2\/tags?post=135124"}],"curies":[{"name":"wp","href":"https:\/\/api.w.org\/{rel}","templated":true}]}}