{"id":134526,"date":"2020-06-29T15:17:27","date_gmt":"2020-06-29T13:17:27","guid":{"rendered":"http:\/\/polishscience.pl\/?p=134526"},"modified":"2020-06-29T15:17:27","modified_gmt":"2020-06-29T13:17:27","slug":"virtueller-tag-der-offenen-tuer-fuer-auslaender-an-der-technischen-universitaet-lodz","status":"publish","type":"post","link":"https:\/\/www.polishscience.pl\/de\/virtueller-tag-der-offenen-tuer-fuer-auslaender-an-der-technischen-universitaet-lodz\/","title":{"rendered":"Virtueller Tag der offenen T\u00fcr f\u00fcr Ausl\u00e4nder an der Technischen Universit\u00e4t \u0141\u00f3d\u017a"},"content":{"rendered":"<p><b>Die Technische Universit\u00e4t \u0141\u00f3d\u017a l\u00e4dt zum virtuellen Tag der offenen T\u00fcr TUL OPEN DAY, der an zuk\u00fcnftige Studierende aus dem Ausland gerichtet ist, ein.<\/b><\/p>\n<p>Das Treffen wird am Donnerstag, dem 2. Juli um 12:00 Uhr in sozialen Medien der Technischen Universit\u00e4t \u0141\u00f3d\u017a (YouTube und Facebook) w\u00e4hrend einer Live\u00fcbertragung aus dem Zentrum f\u00fcr Internationale Zusammenarbeit der Universit\u00e4t stattfinden.<\/p>\n<p>Die Studienbewerber aus der ganzen Welt werden w\u00e4hrend des Treffens eine M\u00f6glichkeit haben, zu erfahren, warum sie Polen und vor allem \u0141\u00f3d\u017a w\u00e4hlen sollten und was ihnen die Technische Universit\u00e4t \u0141\u00f3d\u017a anbietet.<\/p>\n<p>Im Programm der Veranstaltung sind Treffen mit den bekanntesten Absolventen dieser Hochschule, Pr\u00e4sentation des Angebots einzelner Fakult\u00e4ten, ein Spaziergang durch akademische Stadt \u0141\u00f3d\u017a sowie Beratungen und Hinweise zum Thema Studienbewerbung geplant.<\/p>\n<p>Video zur F\u00f6rderung des Events: <a href=\"https:\/\/youtu.be\/4BY1OR_XN0g\">https:\/\/youtu.be\/4BY1OR_XN0g<\/a><\/p>\n","protected":false},"excerpt":{"rendered":"<p>Die Technische Universit\u00e4t \u0141\u00f3d\u017a l\u00e4dt zum virtuellen Tag der offenen T\u00fcr TUL OPEN DAY, der an zuk\u00fcnftige Studierende aus dem Ausland gerichtet ist, ein. Das Treffen wird am Donnerstag, dem 2. Juli um 12:00 Uhr in sozialen Medien der Technischen Universit\u00e4t \u0141\u00f3d\u017a (YouTube und Facebook) w\u00e4hrend einer Live\u00fcbertragung aus dem Zentrum f\u00fcr Internationale Zusammenarbeit der [&hellip;]<\/p>\n","protected":false},"author":9,"featured_media":0,"comment_status":"closed","ping_status":"closed","sticky":false,"template":"","format":"standard","meta":[],"categories":[59,65],"tags":[],"_links":{"self":[{"href":"https:\/\/www.polishscience.pl\/de\/wp-json\/wp\/v2\/posts\/134526"}],"collection":[{"href":"https:\/\/www.polishscience.pl\/de\/wp-json\/wp\/v2\/posts"}],"about":[{"href":"https:\/\/www.polishscience.pl\/de\/wp-json\/wp\/v2\/types\/post"}],"author":[{"embeddable":true,"href":"https:\/\/www.polishscience.pl\/de\/wp-json\/wp\/v2\/users\/9"}],"replies":[{"embeddable":true,"href":"https:\/\/www.polishscience.pl\/de\/wp-json\/wp\/v2\/comments?post=134526"}],"version-history":[{"count":0,"href":"https:\/\/www.polishscience.pl\/de\/wp-json\/wp\/v2\/posts\/134526\/revisions"}],"wp:attachment":[{"href":"https:\/\/www.polishscience.pl\/de\/wp-json\/wp\/v2\/media?parent=134526"}],"wp:term":[{"taxonomy":"category","embeddable":true,"href":"https:\/\/www.polishscience.pl\/de\/wp-json\/wp\/v2\/categories?post=134526"},{"taxonomy":"post_tag","embeddable":true,"href":"https:\/\/www.polishscience.pl\/de\/wp-json\/wp\/v2\/tags?post=134526"}],"curies":[{"name":"wp","href":"https:\/\/api.w.org\/{rel}","templated":true}]}}