{"id":133930,"date":"2020-06-24T14:41:55","date_gmt":"2020-06-24T12:41:55","guid":{"rendered":"http:\/\/polishscience.pl\/?p=133930"},"modified":"2020-06-24T14:42:43","modified_gmt":"2020-06-24T12:42:43","slug":"designierter-rektor-der-kardinal-stefan-wyszynski-universitaet-warschau-kuendigt-bildungsangebot-fuer-polen-im-ausland-an","status":"publish","type":"post","link":"https:\/\/www.polishscience.pl\/de\/designierter-rektor-der-kardinal-stefan-wyszynski-universitaet-warschau-kuendigt-bildungsangebot-fuer-polen-im-ausland-an\/","title":{"rendered":"Designierter Rektor der Kardinal-Stefan-Wyszy\u0144ski-Universit\u00e4t Warschau k\u00fcndigt Bildungsangebot f\u00fcr Polen im Ausland an"},"content":{"rendered":"<p><strong>Ich bin des Erbes unserer Hochschule bewusst. Ich werde dieses Erbe, das bisher sowohl unter dem Namen der Kardinal-Stefan-Wyszy\u0144ski-Universit\u00e4t Warschau ausgearbeitet wurde, als auch mit der Gestalt des Primas, unseren Patrons verbunden ist, pflegen \u2014 hat Pf. Prof. Ryszard Czekalski, designierter Rektor der Kardinal-Stefan-Wyszy\u0144ski-Universit\u00e4t Warschau in einem Interview f\u00fcr die Katholische Nachrichtenagentur festgestellt. <span class=\"Apple-converted-space\">\u00a0<\/span><\/strong><\/p>\n<p>Unter Entwicklungspl\u00e4nen der Kardinal-Stefan-Wyszy\u0144ski-Universit\u00e4t hat Prof. Czekalski u.a. den Bau des neuen Campus in Dziekan\u00f3w Le\u015bny, weitere Inventionen in Collegium Medicum und im Zentrum f\u00fcr Interdisziplin\u00e4re Forschung der Universit\u00e4t genannt. Er hat auch darauf aufmerksam gemacht, dass die Universit\u00e4t entschieden gr\u00f6\u00dfere Mission gegen\u00fcber Polen im Ausland aufnehmen und interessantes Angebot f\u00fcr sie anbieten k\u00f6nnte.<span class=\"Apple-converted-space\">\u00a0<\/span><\/p>\n<p>Wir m\u00f6chten Universit\u00e4t mit breitem Bildungsprofil werden. Wir wollen und m\u00fcssen uns entwickeln. Die Entwicklung besteht u.a. darin, dass wir diese Bereiche betreten, die bisher bei uns nicht funktioniert haben \u2014 hat Pf. Prof. Czekalski hinzugef\u00fcgt.<span class=\"Apple-converted-space\">\u00a0<\/span><\/p>\n","protected":false},"excerpt":{"rendered":"<p>Ich bin des Erbes unserer Hochschule bewusst. Ich werde dieses Erbe, das bisher sowohl unter dem Namen der Kardinal-Stefan-Wyszy\u0144ski-Universit\u00e4t Warschau ausgearbeitet wurde, als auch mit der Gestalt des Primas, unseren Patrons verbunden ist, pflegen \u2014 hat Pf. Prof. Ryszard Czekalski, designierter Rektor der Kardinal-Stefan-Wyszy\u0144ski-Universit\u00e4t Warschau in einem Interview f\u00fcr die Katholische Nachrichtenagentur festgestellt. \u00a0 Unter [&hellip;]<\/p>\n","protected":false},"author":9,"featured_media":0,"comment_status":"closed","ping_status":"closed","sticky":false,"template":"","format":"standard","meta":[],"categories":[59],"tags":[],"_links":{"self":[{"href":"https:\/\/www.polishscience.pl\/de\/wp-json\/wp\/v2\/posts\/133930"}],"collection":[{"href":"https:\/\/www.polishscience.pl\/de\/wp-json\/wp\/v2\/posts"}],"about":[{"href":"https:\/\/www.polishscience.pl\/de\/wp-json\/wp\/v2\/types\/post"}],"author":[{"embeddable":true,"href":"https:\/\/www.polishscience.pl\/de\/wp-json\/wp\/v2\/users\/9"}],"replies":[{"embeddable":true,"href":"https:\/\/www.polishscience.pl\/de\/wp-json\/wp\/v2\/comments?post=133930"}],"version-history":[{"count":0,"href":"https:\/\/www.polishscience.pl\/de\/wp-json\/wp\/v2\/posts\/133930\/revisions"}],"wp:attachment":[{"href":"https:\/\/www.polishscience.pl\/de\/wp-json\/wp\/v2\/media?parent=133930"}],"wp:term":[{"taxonomy":"category","embeddable":true,"href":"https:\/\/www.polishscience.pl\/de\/wp-json\/wp\/v2\/categories?post=133930"},{"taxonomy":"post_tag","embeddable":true,"href":"https:\/\/www.polishscience.pl\/de\/wp-json\/wp\/v2\/tags?post=133930"}],"curies":[{"name":"wp","href":"https:\/\/api.w.org\/{rel}","templated":true}]}}