{"id":133566,"date":"2020-06-22T18:21:07","date_gmt":"2020-06-22T16:21:07","guid":{"rendered":"http:\/\/polishscience.pl\/?p=133566"},"modified":"2020-06-22T18:21:07","modified_gmt":"2020-06-22T16:21:07","slug":"23-internationaler-kongress-fuer-geschichtswissenschaften-wurde-um-ein-jahr-verschoben","status":"publish","type":"post","link":"https:\/\/www.polishscience.pl\/de\/23-internationaler-kongress-fuer-geschichtswissenschaften-wurde-um-ein-jahr-verschoben\/","title":{"rendered":"23. Internationaler Kongress f\u00fcr Geschichtswissenschaften wurde um ein Jahr verschoben"},"content":{"rendered":"<p><b>Der 23. Internationale Kongress f\u00fcr Geschichtswissenschaften, den die Adam-Mickiewicz-Universit\u00e4t Posen mitorganisiert, wird wegen der Pandemie n\u00e4chstes Jahr und nicht wie fr\u00fcher geplant im August dieses Jahres stattfinden \u2014 teilt die Universit\u00e4t mit.<span class=\"Apple-converted-space\">\u00a0<\/span><\/b><\/p>\n<p>Der Kongress wird am 22. August 2021 beginnen und bis zum 28. August dauern. Die Veranstaltung wird vor allem im Kulturzentrum \u201eZamek\u201d stattfinden, aber die Historiker werden auch im Collegium Minus, Collegium Maius und Collegium Novum der Universit\u00e4t Posen sowie auf dem Gebiet der Internationalen Messe Posen und im Sitz der Fakult\u00e4t f\u00fcr Geschichte in Morask beraten.<\/p>\n<p>W\u00e4hrend des Kongresses sollen ca. 70 unterschiedliche Paneele stattfinden. Au\u00dferdem sind 15 sog. Joint Sessions, ca. 20 Round Tables sowie ca. 30 Fachsitzungen geplant.<\/p>\n<p>Erstes Treffen der Historiker aus der ganzen Welt fand im Paris 1900 statt. Seitdem haben die Kongresse in der Regel alle f\u00fcnf Jahre stattgefunden. Polen war Gastgeber des Kongresses nur einmal. Im Jahr 1933. Die Historiker haben sich damals in Warschau getroffen.<span class=\"Apple-converted-space\">\u00a0<\/span><\/p>\n<p>Mehr: <a href=\"https:\/\/amu.edu.pl\/wiadomosci\/aktualnosci\/pracownicy\/dla-mediow\/komunikaty-prasowe\/historycy-z-pewnoscia-zapamietaja-te-date\">https:\/\/amu.edu.pl\/wiadomosci\/aktualnosci\/pracownicy\/dla-mediow\/komunikaty-prasowe\/historycy-z-pewnoscia-zapamietaja-te-date<\/a><\/p>\n","protected":false},"excerpt":{"rendered":"<p>Der 23. Internationale Kongress f\u00fcr Geschichtswissenschaften, den die Adam-Mickiewicz-Universit\u00e4t Posen mitorganisiert, wird wegen der Pandemie n\u00e4chstes Jahr und nicht wie fr\u00fcher geplant im August dieses Jahres stattfinden \u2014 teilt die Universit\u00e4t mit.\u00a0 Der Kongress wird am 22. August 2021 beginnen und bis zum 28. August dauern. Die Veranstaltung wird vor allem im Kulturzentrum \u201eZamek\u201d stattfinden, [&hellip;]<\/p>\n","protected":false},"author":9,"featured_media":0,"comment_status":"closed","ping_status":"closed","sticky":false,"template":"","format":"standard","meta":[],"categories":[65],"tags":[],"_links":{"self":[{"href":"https:\/\/www.polishscience.pl\/de\/wp-json\/wp\/v2\/posts\/133566"}],"collection":[{"href":"https:\/\/www.polishscience.pl\/de\/wp-json\/wp\/v2\/posts"}],"about":[{"href":"https:\/\/www.polishscience.pl\/de\/wp-json\/wp\/v2\/types\/post"}],"author":[{"embeddable":true,"href":"https:\/\/www.polishscience.pl\/de\/wp-json\/wp\/v2\/users\/9"}],"replies":[{"embeddable":true,"href":"https:\/\/www.polishscience.pl\/de\/wp-json\/wp\/v2\/comments?post=133566"}],"version-history":[{"count":0,"href":"https:\/\/www.polishscience.pl\/de\/wp-json\/wp\/v2\/posts\/133566\/revisions"}],"wp:attachment":[{"href":"https:\/\/www.polishscience.pl\/de\/wp-json\/wp\/v2\/media?parent=133566"}],"wp:term":[{"taxonomy":"category","embeddable":true,"href":"https:\/\/www.polishscience.pl\/de\/wp-json\/wp\/v2\/categories?post=133566"},{"taxonomy":"post_tag","embeddable":true,"href":"https:\/\/www.polishscience.pl\/de\/wp-json\/wp\/v2\/tags?post=133566"}],"curies":[{"name":"wp","href":"https:\/\/api.w.org\/{rel}","templated":true}]}}