{"id":132751,"date":"2020-06-16T15:20:37","date_gmt":"2020-06-16T13:20:37","guid":{"rendered":"http:\/\/polishscience.pl\/?p=132751"},"modified":"2020-06-16T16:21:15","modified_gmt":"2020-06-16T14:21:15","slug":"hochschullehrer-von-der-kunstakademie-stettin-als-preistraeger-des-grand-press-photo","status":"publish","type":"post","link":"https:\/\/www.polishscience.pl\/de\/hochschullehrer-von-der-kunstakademie-stettin-als-preistraeger-des-grand-press-photo\/","title":{"rendered":"Hochschullehrer von der Kunstakademie Stettin als Preistr\u00e4ger des Grand Press Photo"},"content":{"rendered":"<p><b>Doktor Tomasz Lazar, Hochschullehrer an der Kunstakademie Stettin ist Preistr\u00e4ger des Grand Press Photo. Er hat den zweiten Platz in der Kategorie \u201eAlltagsleben\u201d f\u00fcr die Fotoreportage, die zeigt, wie sich das Leben in Polen im Zusammenhang mit der COVID-19-Pandemie ge\u00e4ndert hat, erreicht \u2014 teilt die Universit\u00e4t mit.<span class=\"Apple-converted-space\">\u00a0<\/span><\/b><\/p>\n<p>Dr. Lazar ist Leiter des Labors f\u00fcr Fotoreportage am Lehrstuhl f\u00fcr neue Medien, Fotographie und Film der Fakult\u00e4t f\u00fcr Medienkunst. Er ist Absolvent der Informatik an der Westpommerschen Technischen Universit\u00e4t und der Europ\u00e4ischen Akademie f\u00fcr Photographie Warschau, Vorstandsmitglied des Verbands Polnischer K\u00fcnstler Photographiker und der Gruppe der Stra\u00dfenfotografen Un-posed.<span class=\"Apple-converted-space\">\u00a0<\/span><\/p>\n<p>Der Preistr\u00e4ger hat zahlreiche Erfolge: er wurde u.a. in der Kategorie \u201eDeeper Perspective Photographer of the Year\u201d im Wettbewerb International Photography Award nominiert sowie die Preise Sony World Photography Award, International Photography Award, BZWBK Press Photo, Grand Press Photo, Grand Prix des Photofestivals \u0141\u00f3d\u017a erhalten.<\/p>\n","protected":false},"excerpt":{"rendered":"<p>Doktor Tomasz Lazar, Hochschullehrer an der Kunstakademie Stettin ist Preistr\u00e4ger des Grand Press Photo. Er hat den zweiten Platz in der Kategorie \u201eAlltagsleben\u201d f\u00fcr die Fotoreportage, die zeigt, wie sich das Leben in Polen im Zusammenhang mit der COVID-19-Pandemie ge\u00e4ndert hat, erreicht \u2014 teilt die Universit\u00e4t mit.\u00a0 Dr. Lazar ist Leiter des Labors f\u00fcr Fotoreportage [&hellip;]<\/p>\n","protected":false},"author":9,"featured_media":0,"comment_status":"closed","ping_status":"closed","sticky":false,"template":"","format":"standard","meta":[],"categories":[65],"tags":[],"_links":{"self":[{"href":"https:\/\/www.polishscience.pl\/de\/wp-json\/wp\/v2\/posts\/132751"}],"collection":[{"href":"https:\/\/www.polishscience.pl\/de\/wp-json\/wp\/v2\/posts"}],"about":[{"href":"https:\/\/www.polishscience.pl\/de\/wp-json\/wp\/v2\/types\/post"}],"author":[{"embeddable":true,"href":"https:\/\/www.polishscience.pl\/de\/wp-json\/wp\/v2\/users\/9"}],"replies":[{"embeddable":true,"href":"https:\/\/www.polishscience.pl\/de\/wp-json\/wp\/v2\/comments?post=132751"}],"version-history":[{"count":0,"href":"https:\/\/www.polishscience.pl\/de\/wp-json\/wp\/v2\/posts\/132751\/revisions"}],"wp:attachment":[{"href":"https:\/\/www.polishscience.pl\/de\/wp-json\/wp\/v2\/media?parent=132751"}],"wp:term":[{"taxonomy":"category","embeddable":true,"href":"https:\/\/www.polishscience.pl\/de\/wp-json\/wp\/v2\/categories?post=132751"},{"taxonomy":"post_tag","embeddable":true,"href":"https:\/\/www.polishscience.pl\/de\/wp-json\/wp\/v2\/tags?post=132751"}],"curies":[{"name":"wp","href":"https:\/\/api.w.org\/{rel}","templated":true}]}}