{"id":132072,"date":"2020-06-10T15:07:50","date_gmt":"2020-06-10T13:07:50","guid":{"rendered":"http:\/\/polishscience.pl\/?p=132072"},"modified":"2020-06-10T16:08:11","modified_gmt":"2020-06-10T14:08:11","slug":"internationaler-tag-des-elektrikers","status":"publish","type":"post","link":"https:\/\/www.polishscience.pl\/de\/internationaler-tag-des-elektrikers\/","title":{"rendered":"Internationaler Tag des Elektrikers"},"content":{"rendered":"<p><b>Am 10. Juni feiert man seit 1986 den Internationalen Tag des Elektrikers. Dieser Tag ist ein Fest aller Ingenieure, Techniker und anderer Profis, die sich mit der breit verstandenen Elektrik besch\u00e4ftigen.<\/b><\/p>\n<p>Der Internationale Tag des Elektrikers (anf\u00e4nglich Tag des Elektrikers) wurde von der Hauptverwaltung des Verbands Polnischer Elektriker als Erinnerung an den 150. Jahrestag des Todes von Andr\u00e9 Marie Amp\u00e8re (1775-1863), franz\u00f6sischen Physiker und Mathematiker, der wegen Entdeckungen im Bereich des Magnetismus, des Elektromagnetismus und der Elektrizit\u00e4t ber\u00fchmt wurde, geschaffen.<span class=\"Apple-converted-space\">\u00a0<\/span><\/p>\n<p>Die diesj\u00e4hrige Feierlichkeiten werden wegen der Einschr\u00e4nkungen, die isch aus der Coronavirus-Epidemie ergeben, in Form einer Videokonferenz stattfinden.<\/p>\n<p>Im Programm der Veranstaltung sind Vorlesungen der Wissenschaftler aus Polen, Frankreich und den USA \u00fcber ausgew\u00e4hlte Probleme der Elektrik sowie die Pr\u00e4sentation der Gestalt von Professor J\u00f3zef W\u0119glarz, der Patron des Jahres 2020 im Verband Polnischer Elektriker ist, sowie die Bekanntmachung der Ergebnisse des Wettbewerbs f\u00fcr den aktivsten Kreis des Verbands Polnischer Elektriker und des Mieczys\u0142aw-Po\u017cary\u0144ski-Wettbewerbs f\u00fcr den besten Artikel in der technischen Presse des Verbands vorgesehen.<span class=\"Apple-converted-space\">\u00a0<\/span><\/p>\n","protected":false},"excerpt":{"rendered":"<p>Am 10. Juni feiert man seit 1986 den Internationalen Tag des Elektrikers. Dieser Tag ist ein Fest aller Ingenieure, Techniker und anderer Profis, die sich mit der breit verstandenen Elektrik besch\u00e4ftigen. Der Internationale Tag des Elektrikers (anf\u00e4nglich Tag des Elektrikers) wurde von der Hauptverwaltung des Verbands Polnischer Elektriker als Erinnerung an den 150. Jahrestag des [&hellip;]<\/p>\n","protected":false},"author":9,"featured_media":0,"comment_status":"closed","ping_status":"closed","sticky":false,"template":"","format":"standard","meta":[],"categories":[65],"tags":[],"_links":{"self":[{"href":"https:\/\/www.polishscience.pl\/de\/wp-json\/wp\/v2\/posts\/132072"}],"collection":[{"href":"https:\/\/www.polishscience.pl\/de\/wp-json\/wp\/v2\/posts"}],"about":[{"href":"https:\/\/www.polishscience.pl\/de\/wp-json\/wp\/v2\/types\/post"}],"author":[{"embeddable":true,"href":"https:\/\/www.polishscience.pl\/de\/wp-json\/wp\/v2\/users\/9"}],"replies":[{"embeddable":true,"href":"https:\/\/www.polishscience.pl\/de\/wp-json\/wp\/v2\/comments?post=132072"}],"version-history":[{"count":0,"href":"https:\/\/www.polishscience.pl\/de\/wp-json\/wp\/v2\/posts\/132072\/revisions"}],"wp:attachment":[{"href":"https:\/\/www.polishscience.pl\/de\/wp-json\/wp\/v2\/media?parent=132072"}],"wp:term":[{"taxonomy":"category","embeddable":true,"href":"https:\/\/www.polishscience.pl\/de\/wp-json\/wp\/v2\/categories?post=132072"},{"taxonomy":"post_tag","embeddable":true,"href":"https:\/\/www.polishscience.pl\/de\/wp-json\/wp\/v2\/tags?post=132072"}],"curies":[{"name":"wp","href":"https:\/\/api.w.org\/{rel}","templated":true}]}}