{"id":131880,"date":"2020-06-09T15:49:12","date_gmt":"2020-06-09T13:49:12","guid":{"rendered":"http:\/\/polishscience.pl\/?p=131880"},"modified":"2020-06-09T15:49:12","modified_gmt":"2020-06-09T13:49:12","slug":"rektor-der-universitaet-warschau-ueber-die-plaene-fuer-das-kommende-akademische-jahr","status":"publish","type":"post","link":"https:\/\/www.polishscience.pl\/de\/rektor-der-universitaet-warschau-ueber-die-plaene-fuer-das-kommende-akademische-jahr\/","title":{"rendered":"Rektor der Universit\u00e4t Warschau \u00fcber die Pl\u00e4ne f\u00fcr das kommende akademische Jahr"},"content":{"rendered":"<p><b>Ich hoffe, dass wir neues akademisches Jahr am 1. Oktober in einer Form er\u00f6ffnen werden, an die wir gewohnt sind. Wir m\u00fcssen jedoch auch darauf vorbereitet sein, dass die epidemiologische Situation sich verschlechtern kann \u2014 hat Professor Marcin Pa\u0142ys, Rektor der Universit\u00e4t Warschau in einer an die akademische Gemeinschaft gerichteten Aufnahme festgestellt.<\/b><\/p>\n<p>Der Rektor betonte, dass ein Teil der Lehrveranstaltungen auch nach Sommerferien aus der Ferne fortgesetzt werden kann, wegen der Notwendigkeit, entsprechende, die Sicherheit und den Gesundheitsschutz gew\u00e4hrleistenden Bedingungen des Studierens, der Arbeit und der Forschungsf\u00fchrung sicherzustellen.<\/p>\n<p>Unsere Priorit\u00e4t ist der Schutz der Gesundheit der Studierenden, Doktoranden und Mitarbeiter, deswegen sind alle Ma\u00dfnahmen der Einhaltung von gesundheitbezogenem Regelung untergeordnet \u2014 hat der Rektor der Universit\u00e4t Warschau hinzugef\u00fcgt und sich bei allen Mitgliedern der akademischen Gemeinschaft f\u00fcr ihren Beitrag zur Sicherstellung der Kontinuit\u00e4t des Funktionierens der Universit\u00e4t trotz au\u00dferordentlichen Bedingungen, die durch die Coronavirus-Pandemie verursacht wurden, bedankt.<\/p>\n<p>Mehr:<\/p>\n<p><a href=\"https:\/\/youtu.be\/ILxT73J2ISs\">https:\/\/youtu.be\/ILxT73J2ISs<\/a><\/p>\n","protected":false},"excerpt":{"rendered":"<p>Ich hoffe, dass wir neues akademisches Jahr am 1. Oktober in einer Form er\u00f6ffnen werden, an die wir gewohnt sind. Wir m\u00fcssen jedoch auch darauf vorbereitet sein, dass die epidemiologische Situation sich verschlechtern kann \u2014 hat Professor Marcin Pa\u0142ys, Rektor der Universit\u00e4t Warschau in einer an die akademische Gemeinschaft gerichteten Aufnahme festgestellt. Der Rektor betonte, [&hellip;]<\/p>\n","protected":false},"author":9,"featured_media":0,"comment_status":"closed","ping_status":"closed","sticky":false,"template":"","format":"standard","meta":[],"categories":[59],"tags":[],"_links":{"self":[{"href":"https:\/\/www.polishscience.pl\/de\/wp-json\/wp\/v2\/posts\/131880"}],"collection":[{"href":"https:\/\/www.polishscience.pl\/de\/wp-json\/wp\/v2\/posts"}],"about":[{"href":"https:\/\/www.polishscience.pl\/de\/wp-json\/wp\/v2\/types\/post"}],"author":[{"embeddable":true,"href":"https:\/\/www.polishscience.pl\/de\/wp-json\/wp\/v2\/users\/9"}],"replies":[{"embeddable":true,"href":"https:\/\/www.polishscience.pl\/de\/wp-json\/wp\/v2\/comments?post=131880"}],"version-history":[{"count":0,"href":"https:\/\/www.polishscience.pl\/de\/wp-json\/wp\/v2\/posts\/131880\/revisions"}],"wp:attachment":[{"href":"https:\/\/www.polishscience.pl\/de\/wp-json\/wp\/v2\/media?parent=131880"}],"wp:term":[{"taxonomy":"category","embeddable":true,"href":"https:\/\/www.polishscience.pl\/de\/wp-json\/wp\/v2\/categories?post=131880"},{"taxonomy":"post_tag","embeddable":true,"href":"https:\/\/www.polishscience.pl\/de\/wp-json\/wp\/v2\/tags?post=131880"}],"curies":[{"name":"wp","href":"https:\/\/api.w.org\/{rel}","templated":true}]}}