{"id":130528,"date":"2020-06-01T15:00:51","date_gmt":"2020-06-01T13:00:51","guid":{"rendered":"http:\/\/polishscience.pl\/?p=130528"},"modified":"2020-06-01T15:12:01","modified_gmt":"2020-06-01T13:12:01","slug":"neuer-rektor-der-universitaet-fuer-technologie-und-geisteswissenschaften-radom","status":"publish","type":"post","link":"https:\/\/www.polishscience.pl\/de\/neuer-rektor-der-universitaet-fuer-technologie-und-geisteswissenschaften-radom\/","title":{"rendered":"Neuer Rektor der Universit\u00e4t f\u00fcr Technologie und Geisteswissenschaften Radom"},"content":{"rendered":"<p><strong>Professor S\u0142awomir Bukowski, derzeitiger Prorektor f\u00fcr Entwicklung des Personals und internationale Zusammenarbeit wurde zum neuen Rektor der Universit\u00e4t f\u00fcr Technologie und Geisteswissenschaften Radom gew\u00e4hlt.<\/strong><\/p>\n<p>Prof. Dr. habil. S\u0142awomir Bukowksi hat das Studium an der Fakult\u00e4t f\u00fcr Wirtschaftswissenschaften der Technischen Universit\u00e4t Kielce (Niederlassung in Radom) 1979 abgeschlossen. Im denselben Jahr hat er die Arbeit an der Fakult\u00e4t f\u00fcr Wirtschaftswissenschaften der Technischen Universit\u00e4t Radom angefangen. 1986 promovierte er im Bereich der Wirtschaftswissenschaften an der Universit\u00e4t Warschau und 2004 hat er seine Habilitationsschrift an der Wirtschaftsakademie Krakau (derzeit Wirtschaftsuniversit\u00e4t Krakau) verteidigt. 2013 wurde er zum Professor ernannt.<\/p>\n<p>In den Jahren 2008-2012 war er Dekan der Fakult\u00e4t f\u00fcr Wirtschaftswissenschaften der Technischen Universit\u00e4t Radom. Seit 2012 ist er Prorektor der \u00a0Universit\u00e4t f\u00fcr Technologie und Geisteswissenschaften Radom f\u00fcr Entwicklung des Personals und internationale Zusammenarbeit.<\/p>\n","protected":false},"excerpt":{"rendered":"<p>Professor S\u0142awomir Bukowski, derzeitiger Prorektor f\u00fcr Entwicklung des Personals und internationale Zusammenarbeit wurde zum neuen Rektor der Universit\u00e4t f\u00fcr Technologie und Geisteswissenschaften Radom gew\u00e4hlt. Prof. Dr. habil. S\u0142awomir Bukowksi hat das Studium an der Fakult\u00e4t f\u00fcr Wirtschaftswissenschaften der Technischen Universit\u00e4t Kielce (Niederlassung in Radom) 1979 abgeschlossen. Im denselben Jahr hat er die Arbeit an der [&hellip;]<\/p>\n","protected":false},"author":9,"featured_media":0,"comment_status":"closed","ping_status":"closed","sticky":false,"template":"","format":"standard","meta":[],"categories":[59],"tags":[],"_links":{"self":[{"href":"https:\/\/www.polishscience.pl\/de\/wp-json\/wp\/v2\/posts\/130528"}],"collection":[{"href":"https:\/\/www.polishscience.pl\/de\/wp-json\/wp\/v2\/posts"}],"about":[{"href":"https:\/\/www.polishscience.pl\/de\/wp-json\/wp\/v2\/types\/post"}],"author":[{"embeddable":true,"href":"https:\/\/www.polishscience.pl\/de\/wp-json\/wp\/v2\/users\/9"}],"replies":[{"embeddable":true,"href":"https:\/\/www.polishscience.pl\/de\/wp-json\/wp\/v2\/comments?post=130528"}],"version-history":[{"count":0,"href":"https:\/\/www.polishscience.pl\/de\/wp-json\/wp\/v2\/posts\/130528\/revisions"}],"wp:attachment":[{"href":"https:\/\/www.polishscience.pl\/de\/wp-json\/wp\/v2\/media?parent=130528"}],"wp:term":[{"taxonomy":"category","embeddable":true,"href":"https:\/\/www.polishscience.pl\/de\/wp-json\/wp\/v2\/categories?post=130528"},{"taxonomy":"post_tag","embeddable":true,"href":"https:\/\/www.polishscience.pl\/de\/wp-json\/wp\/v2\/tags?post=130528"}],"curies":[{"name":"wp","href":"https:\/\/api.w.org\/{rel}","templated":true}]}}