{"id":130352,"date":"2020-05-29T15:15:42","date_gmt":"2020-05-29T13:15:42","guid":{"rendered":"http:\/\/polishscience.pl\/?p=130352"},"modified":"2020-05-29T15:15:42","modified_gmt":"2020-05-29T13:15:42","slug":"wettbewerb-um-den-preis-des-praesidenten-von-warschau-fuer-diplomarbeiten","status":"publish","type":"post","link":"https:\/\/www.polishscience.pl\/de\/wettbewerb-um-den-preis-des-praesidenten-von-warschau-fuer-diplomarbeiten\/","title":{"rendered":"Wettbewerb um den Preis des Pr\u00e4sidenten von Warschau f\u00fcr Diplomarbeiten"},"content":{"rendered":"<p><strong>Der Pr\u00e4sident von Warschau l\u00e4dt Autoren von Magister- und Promotionsarbeiten, die an Warschauer Hochschulen 2019 verteidigt wurden, ein, sich um den Preis des Pr\u00e4sidenten f\u00fcr Diplomarbeiten, welche die Entwicklung von Warschau betreffen, zu bewerben.<\/strong><\/p>\n<p>Im Zusammenhang mit der epidemiologischen Situation wurde die Frist f\u00fcr Anmeldungen bis zum 19. Juni 2020 verl\u00e4ngert.<\/p>\n<p>Personen, die an der Teilnahem am Wettbewerb interessiert sind, k\u00f6nnen ihre Arbeiten per Post oder elektronisch, an die Adresse: naukowa@um.warszawa.pl, anmelden.<\/p>\n<p>Bei der Beurteilung der Arbeiten wird man folgende Aspekte ber\u00fccksichtigen: Einbettung des Forschungsproblem in den Zusammenhang der Entwicklung von Warschau; wissenschaftlicher Wert der Arbeit, darunter allgemeine Methodologie sowie Art und Weise, wie das Problem angegangen wird; sozialer Wert d.h. Einfluss der Forschungsergebnisse und -schl\u00fcsse auf die Entwicklung von Warschau im Falle ihrer Anwendung; praktische Anwendbarkeit der Forschungsergebnisse und -schl\u00fcsse in Unternehmen, die von der Hauptstadt Warschau durchgef\u00fchrt werden.<\/p>\n","protected":false},"excerpt":{"rendered":"<p>Der Pr\u00e4sident von Warschau l\u00e4dt Autoren von Magister- und Promotionsarbeiten, die an Warschauer Hochschulen 2019 verteidigt wurden, ein, sich um den Preis des Pr\u00e4sidenten f\u00fcr Diplomarbeiten, welche die Entwicklung von Warschau betreffen, zu bewerben. Im Zusammenhang mit der epidemiologischen Situation wurde die Frist f\u00fcr Anmeldungen bis zum 19. Juni 2020 verl\u00e4ngert. Personen, die an der [&hellip;]<\/p>\n","protected":false},"author":9,"featured_media":0,"comment_status":"closed","ping_status":"closed","sticky":false,"template":"","format":"standard","meta":[],"categories":[65],"tags":[],"_links":{"self":[{"href":"https:\/\/www.polishscience.pl\/de\/wp-json\/wp\/v2\/posts\/130352"}],"collection":[{"href":"https:\/\/www.polishscience.pl\/de\/wp-json\/wp\/v2\/posts"}],"about":[{"href":"https:\/\/www.polishscience.pl\/de\/wp-json\/wp\/v2\/types\/post"}],"author":[{"embeddable":true,"href":"https:\/\/www.polishscience.pl\/de\/wp-json\/wp\/v2\/users\/9"}],"replies":[{"embeddable":true,"href":"https:\/\/www.polishscience.pl\/de\/wp-json\/wp\/v2\/comments?post=130352"}],"version-history":[{"count":0,"href":"https:\/\/www.polishscience.pl\/de\/wp-json\/wp\/v2\/posts\/130352\/revisions"}],"wp:attachment":[{"href":"https:\/\/www.polishscience.pl\/de\/wp-json\/wp\/v2\/media?parent=130352"}],"wp:term":[{"taxonomy":"category","embeddable":true,"href":"https:\/\/www.polishscience.pl\/de\/wp-json\/wp\/v2\/categories?post=130352"},{"taxonomy":"post_tag","embeddable":true,"href":"https:\/\/www.polishscience.pl\/de\/wp-json\/wp\/v2\/tags?post=130352"}],"curies":[{"name":"wp","href":"https:\/\/api.w.org\/{rel}","templated":true}]}}