{"id":130159,"date":"2020-05-28T14:19:27","date_gmt":"2020-05-28T12:19:27","guid":{"rendered":"http:\/\/polishscience.pl\/?p=130159"},"modified":"2020-05-28T14:19:27","modified_gmt":"2020-05-28T12:19:27","slug":"wissenschaftsminister-hat-neues-komitee-fuer-wissenschaftspolitik-ernannt","status":"publish","type":"post","link":"https:\/\/www.polishscience.pl\/de\/wissenschaftsminister-hat-neues-komitee-fuer-wissenschaftspolitik-ernannt\/","title":{"rendered":"Wissenschaftsminister hat neues Komitee f\u00fcr Wissenschaftspolitik ernannt"},"content":{"rendered":"<p><strong>Minister f\u00fcr Wissenschaft und Hochschulbildung Wojciech Murdzek hat die Akte der Ernennung von Mitgliedern des Komitees f\u00fcr Wissenschaftspolitik, dessen Amtszeit am 1. Juni beginnen wird und bis zum 31. Mai 2022 dauern wird, unterzeichnet.<\/strong><\/p>\n<p>Das Komitee ist ein Nebenorgan des Ministers im Bereich der staatlichen Wissenschaftspolitik. Es evaluiert Wissenschaftspolitik des Staates und nimmt Stellung zu Dokumenten, die von Minister vorgelegt werden \u2013 teilt das Wissenschaftsministerium mit.<\/p>\n<p>Zu dem Komitee geh\u00f6ren: Prof. Dr. habil. Anna Che\u0142mo\u0144ska-Soyta, Professorin f\u00fcr \u00a0Veterin\u00e4rwissenschaften von der Naturwissenschaftlichen Universit\u00e4t Breslau; Dr. habil. Ing. Piotr Cho\u0142da, Prof. der AGH-Universit\u00e4t f\u00fcr Wissenschaft und Technologie Krakau; Dr. habil. Maciej Duszczyk, Prorektor f\u00fcr wissenschaftliche Angelegenheiten der Universit\u00e4t Warschau; Prof. Dr. habil. Ing. Marek Figlerowicz von der Polnischen Akademie der Wissenschaften; Dr. Agata Karska von der Nikolaus-Kopernikus-Universit\u00e4t Toru\u0144; Prof. Dr. habil. Magdalena Kr\u00f3l von der Naturwissenschaftlichen Universit\u00e4t Warschau (SGGW); Dr. habil. Anna Machnikowska, Prof. der Universit\u00e4t Danzig; Dr. habil. Beata Miko\u0142ajczyk, Prof. der Adam-Mickiewicz-Universit\u00e4t Posen; Prof. Dr. habil. med. Marcin Moniuszko, Prorektor f\u00fcr Wissenschaft der Medizinischen Universit\u00e4t Bia\u0142ystok; Prof. Dr. habil. Ing. Marek Pawe\u0142czyk, Prorektor f\u00fcr Wissenschaft und Entwicklung der Schlesischen Technischen Universit\u00e4t; Prof. Dr. habil. Jacek Semaniak, scheidender Rektor der Jan-Kochanowski-Universit\u00e4t Kielce; Dr. habil. Rafa\u0142 Wi\u015bniewski, Prof. der Kardinal-Stefan-Wyszy\u0144ski-Universit\u00e4t Warschau.<\/p>\n","protected":false},"excerpt":{"rendered":"<p>Minister f\u00fcr Wissenschaft und Hochschulbildung Wojciech Murdzek hat die Akte der Ernennung von Mitgliedern des Komitees f\u00fcr Wissenschaftspolitik, dessen Amtszeit am 1. Juni beginnen wird und bis zum 31. Mai 2022 dauern wird, unterzeichnet. Das Komitee ist ein Nebenorgan des Ministers im Bereich der staatlichen Wissenschaftspolitik. Es evaluiert Wissenschaftspolitik des Staates und nimmt Stellung zu [&hellip;]<\/p>\n","protected":false},"author":9,"featured_media":0,"comment_status":"closed","ping_status":"closed","sticky":false,"template":"","format":"standard","meta":[],"categories":[65],"tags":[],"_links":{"self":[{"href":"https:\/\/www.polishscience.pl\/de\/wp-json\/wp\/v2\/posts\/130159"}],"collection":[{"href":"https:\/\/www.polishscience.pl\/de\/wp-json\/wp\/v2\/posts"}],"about":[{"href":"https:\/\/www.polishscience.pl\/de\/wp-json\/wp\/v2\/types\/post"}],"author":[{"embeddable":true,"href":"https:\/\/www.polishscience.pl\/de\/wp-json\/wp\/v2\/users\/9"}],"replies":[{"embeddable":true,"href":"https:\/\/www.polishscience.pl\/de\/wp-json\/wp\/v2\/comments?post=130159"}],"version-history":[{"count":0,"href":"https:\/\/www.polishscience.pl\/de\/wp-json\/wp\/v2\/posts\/130159\/revisions"}],"wp:attachment":[{"href":"https:\/\/www.polishscience.pl\/de\/wp-json\/wp\/v2\/media?parent=130159"}],"wp:term":[{"taxonomy":"category","embeddable":true,"href":"https:\/\/www.polishscience.pl\/de\/wp-json\/wp\/v2\/categories?post=130159"},{"taxonomy":"post_tag","embeddable":true,"href":"https:\/\/www.polishscience.pl\/de\/wp-json\/wp\/v2\/tags?post=130159"}],"curies":[{"name":"wp","href":"https:\/\/api.w.org\/{rel}","templated":true}]}}