{"id":129829,"date":"2020-05-26T15:00:29","date_gmt":"2020-05-26T13:00:29","guid":{"rendered":"http:\/\/polishscience.pl\/?p=129829"},"modified":"2020-05-26T15:20:40","modified_gmt":"2020-05-26T13:20:40","slug":"podcast-der-jagiellonen-universitaet-als-eine-form-der-wissensverbreitung-waehrend-der-pandemie","status":"publish","type":"post","link":"https:\/\/www.polishscience.pl\/de\/podcast-der-jagiellonen-universitaet-als-eine-form-der-wissensverbreitung-waehrend-der-pandemie\/","title":{"rendered":"Podcast der Jagiellonen-Universit\u00e4t als eine Form der Wissensverbreitung w\u00e4hrend der Pandemie"},"content":{"rendered":"<p><b>An der Jagiellonen-Universit\u00e4t Krakau ist ein popul\u00e4rwissenschaftlicher Podcast \u201eRozmowy na koniec \u015bwiata\u201d (Ende-der-Welt-Gespr\u00e4che) entstanden, in dem Wissenschaftler \u00fcber unterschiedliche Probleme, die mit der Forschung \u00fcber die Zukunft verbunden sind, erz\u00e4hlen.<\/b><\/p>\n<p>Ideengeber des Podcasts ist Dr. Piotr Ko\u0142odziejczyk von der Fakult\u00e4t f\u00fcr Geschichte der Jagiellonen-Universit\u00e4t. Der Forscher hat beschlossen, die Zeit der Pandemie f\u00fcr die Verbreitung der wissenschaftlichen Kenntnisse mittels neuer Medien zu nutzen.<\/p>\n<p>Im Podcast \u201eRozmowy na koniec \u015bwiata\u201d werden Interviews mit Wissenschaftlern und K\u00fcnstlern \u00fcber unterschiedliche Aspekte der menschlichen Kultur in Krisensituationen ver\u00f6ffentlicht.<\/p>\n<p>Die erste Reihe der Gespr\u00e4che war von der Pandemie inspiriert und betraf Epidemien und Katastrophen, die die Menschheit in der Vergangenheit betroffen haben.<\/p>\n<p>Mehr:<\/p>\n<p><a href=\"http:\/\/www.rnks.pl\/\">http:\/\/www.rnks.pl\/<\/a><\/p>\n","protected":false},"excerpt":{"rendered":"<p>An der Jagiellonen-Universit\u00e4t Krakau ist ein popul\u00e4rwissenschaftlicher Podcast \u201eRozmowy na koniec \u015bwiata\u201d (Ende-der-Welt-Gespr\u00e4che) entstanden, in dem Wissenschaftler \u00fcber unterschiedliche Probleme, die mit der Forschung \u00fcber die Zukunft verbunden sind, erz\u00e4hlen. Ideengeber des Podcasts ist Dr. Piotr Ko\u0142odziejczyk von der Fakult\u00e4t f\u00fcr Geschichte der Jagiellonen-Universit\u00e4t. Der Forscher hat beschlossen, die Zeit der Pandemie f\u00fcr die Verbreitung [&hellip;]<\/p>\n","protected":false},"author":9,"featured_media":0,"comment_status":"closed","ping_status":"closed","sticky":false,"template":"","format":"standard","meta":[],"categories":[65],"tags":[],"_links":{"self":[{"href":"https:\/\/www.polishscience.pl\/de\/wp-json\/wp\/v2\/posts\/129829"}],"collection":[{"href":"https:\/\/www.polishscience.pl\/de\/wp-json\/wp\/v2\/posts"}],"about":[{"href":"https:\/\/www.polishscience.pl\/de\/wp-json\/wp\/v2\/types\/post"}],"author":[{"embeddable":true,"href":"https:\/\/www.polishscience.pl\/de\/wp-json\/wp\/v2\/users\/9"}],"replies":[{"embeddable":true,"href":"https:\/\/www.polishscience.pl\/de\/wp-json\/wp\/v2\/comments?post=129829"}],"version-history":[{"count":0,"href":"https:\/\/www.polishscience.pl\/de\/wp-json\/wp\/v2\/posts\/129829\/revisions"}],"wp:attachment":[{"href":"https:\/\/www.polishscience.pl\/de\/wp-json\/wp\/v2\/media?parent=129829"}],"wp:term":[{"taxonomy":"category","embeddable":true,"href":"https:\/\/www.polishscience.pl\/de\/wp-json\/wp\/v2\/categories?post=129829"},{"taxonomy":"post_tag","embeddable":true,"href":"https:\/\/www.polishscience.pl\/de\/wp-json\/wp\/v2\/tags?post=129829"}],"curies":[{"name":"wp","href":"https:\/\/api.w.org\/{rel}","templated":true}]}}