{"id":129827,"date":"2020-05-26T15:20:36","date_gmt":"2020-05-26T13:20:36","guid":{"rendered":"http:\/\/polishscience.pl\/?p=129827"},"modified":"2020-05-26T15:20:36","modified_gmt":"2020-05-26T13:20:36","slug":"neuer-rektor-der-staatlichen-fachhochschule-elblag","status":"publish","type":"post","link":"https:\/\/www.polishscience.pl\/de\/neuer-rektor-der-staatlichen-fachhochschule-elblag\/","title":{"rendered":"Neuer Rektor der Staatlichen Fachhochschule Elbl\u0105g"},"content":{"rendered":"<p><b>Professor Jaros\u0142aw Niedojad\u0142o wird ab September neuer Rektor der Staatlichen Fachhochschule Elbl\u0105g sein. Er wird in diesem Amt Prof. Dr. habil. Ing. Zbigniew Walczyk, der die Hochschule seit 2011 geleitet hat, ersetzen.<\/b><\/p>\n<p>Der Wahlausschuss hat einstimmig die Kandidatur von Dr. habil. Jaros\u0142aw Niedojad\u0142o, Prof. der Staatlichen Fachhochschule Elbl\u0105g unterst\u00fctzt.<\/p>\n<p>Der gew\u00e4hlte Rektor ist Expert im Bereich der Maschinentechnik. Er hat das Studium an der Fakult\u00e4t f\u00fcr Mechanik und Technologie der Technischen Universit\u00e4t Danzig abgeschlossen. Promoviert hat er 1995 an der Fakult\u00e4t f\u00fcr Mechanik der Technischen Universit\u00e4t Danzig. In den Jahren 1996-2000 hat er die Niederlassung der Fakult\u00e4t f\u00fcr Mechanik der Technischen Universit\u00e4t Danzig als Prodekan f\u00fcr die Bildung geleitet.<\/p>\n<p>Seit der Entstehung der Staatlichen Fachhochschule Elbl\u0105g \u00fcbt er die Funktion des Direktors des Institut f\u00fcr technische Wissenschaften. In den Jahren 2002-2007 war er Prorektor f\u00fcr die Bildung der Staatlichen Fachhochschule Elbl\u0105g.<\/p>\n","protected":false},"excerpt":{"rendered":"<p>Professor Jaros\u0142aw Niedojad\u0142o wird ab September neuer Rektor der Staatlichen Fachhochschule Elbl\u0105g sein. Er wird in diesem Amt Prof. Dr. habil. Ing. Zbigniew Walczyk, der die Hochschule seit 2011 geleitet hat, ersetzen. Der Wahlausschuss hat einstimmig die Kandidatur von Dr. habil. Jaros\u0142aw Niedojad\u0142o, Prof. der Staatlichen Fachhochschule Elbl\u0105g unterst\u00fctzt. Der gew\u00e4hlte Rektor ist Expert im [&hellip;]<\/p>\n","protected":false},"author":9,"featured_media":0,"comment_status":"closed","ping_status":"closed","sticky":false,"template":"","format":"standard","meta":[],"categories":[59],"tags":[],"_links":{"self":[{"href":"https:\/\/www.polishscience.pl\/de\/wp-json\/wp\/v2\/posts\/129827"}],"collection":[{"href":"https:\/\/www.polishscience.pl\/de\/wp-json\/wp\/v2\/posts"}],"about":[{"href":"https:\/\/www.polishscience.pl\/de\/wp-json\/wp\/v2\/types\/post"}],"author":[{"embeddable":true,"href":"https:\/\/www.polishscience.pl\/de\/wp-json\/wp\/v2\/users\/9"}],"replies":[{"embeddable":true,"href":"https:\/\/www.polishscience.pl\/de\/wp-json\/wp\/v2\/comments?post=129827"}],"version-history":[{"count":0,"href":"https:\/\/www.polishscience.pl\/de\/wp-json\/wp\/v2\/posts\/129827\/revisions"}],"wp:attachment":[{"href":"https:\/\/www.polishscience.pl\/de\/wp-json\/wp\/v2\/media?parent=129827"}],"wp:term":[{"taxonomy":"category","embeddable":true,"href":"https:\/\/www.polishscience.pl\/de\/wp-json\/wp\/v2\/categories?post=129827"},{"taxonomy":"post_tag","embeddable":true,"href":"https:\/\/www.polishscience.pl\/de\/wp-json\/wp\/v2\/tags?post=129827"}],"curies":[{"name":"wp","href":"https:\/\/api.w.org\/{rel}","templated":true}]}}