{"id":128736,"date":"2020-05-19T15:58:58","date_gmt":"2020-05-19T13:58:58","guid":{"rendered":"http:\/\/polishscience.pl\/?p=128736"},"modified":"2020-05-19T16:39:28","modified_gmt":"2020-05-19T14:39:28","slug":"afrikatage-in-olsztyn-werden-ueber-internet-stattfinden","status":"publish","type":"post","link":"https:\/\/www.polishscience.pl\/de\/afrikatage-in-olsztyn-werden-ueber-internet-stattfinden\/","title":{"rendered":"Afrikatage in Olsztyn werden \u00fcber Internet stattfinden"},"content":{"rendered":"<p><strong>\u201eAfrika in den Sprachen \u2013 Sprachen in Afrika\u201c lautet diesj\u00e4hriges Motto der an der Universit\u00e4t Ermland-Masuren organisierten Afrikatage. Die internationale wissenschaftliche Konferenz wird am 23. Juni 2020 \u00fcber das Internet stattfinden. <\/strong><\/p>\n<p>Dieses Jahr mussten wir im Zusammenhang mit der Situation in der ganzen Welt die Form der Konferenz ver\u00e4ndern. Wir haben entschieden, dass sie in Online-Formel am 23. Juni stattfinden wird. Die Konferenz wird einen Tag dauern und kostenlos sein \u2013 hat im Rundfunk der Universit\u00e4t Ermland-Masuren Dr. habil. Bara Ndiaye, Vorsitzender des Organisationskomitee angek\u00fcndigt.<\/p>\n<p>Im Rahmen der Konferenz sind folgende Themen geplant: Sprachen Afrikas; Offizielle Sprachen in Afrika; Alphabetisierung der Sprachen in Afrika; Afrikanische Sprachen und Aspekte der \u00dcbersetzung; Afrikanische Sprachen und interkulturelle Kommunikation; Historischer Diskurs \u00fcber Afrika; Anthropologisch-ethnologischer Diskurs \u00fcber Afrika; Politischer Diskurs \u00fcber Afrika; Mediendiskurs \u00fcber Afrika; Wirtschaftlicher Diskurs \u00fcber Afrika sowie Wissenschaftlicher Diskurs \u00fcber Afrika.<\/p>\n","protected":false},"excerpt":{"rendered":"<p>\u201eAfrika in den Sprachen \u2013 Sprachen in Afrika\u201c lautet diesj\u00e4hriges Motto der an der Universit\u00e4t Ermland-Masuren organisierten Afrikatage. Die internationale wissenschaftliche Konferenz wird am 23. Juni 2020 \u00fcber das Internet stattfinden. Dieses Jahr mussten wir im Zusammenhang mit der Situation in der ganzen Welt die Form der Konferenz ver\u00e4ndern. Wir haben entschieden, dass sie in [&hellip;]<\/p>\n","protected":false},"author":9,"featured_media":0,"comment_status":"closed","ping_status":"closed","sticky":false,"template":"","format":"standard","meta":[],"categories":[65],"tags":[],"_links":{"self":[{"href":"https:\/\/www.polishscience.pl\/de\/wp-json\/wp\/v2\/posts\/128736"}],"collection":[{"href":"https:\/\/www.polishscience.pl\/de\/wp-json\/wp\/v2\/posts"}],"about":[{"href":"https:\/\/www.polishscience.pl\/de\/wp-json\/wp\/v2\/types\/post"}],"author":[{"embeddable":true,"href":"https:\/\/www.polishscience.pl\/de\/wp-json\/wp\/v2\/users\/9"}],"replies":[{"embeddable":true,"href":"https:\/\/www.polishscience.pl\/de\/wp-json\/wp\/v2\/comments?post=128736"}],"version-history":[{"count":0,"href":"https:\/\/www.polishscience.pl\/de\/wp-json\/wp\/v2\/posts\/128736\/revisions"}],"wp:attachment":[{"href":"https:\/\/www.polishscience.pl\/de\/wp-json\/wp\/v2\/media?parent=128736"}],"wp:term":[{"taxonomy":"category","embeddable":true,"href":"https:\/\/www.polishscience.pl\/de\/wp-json\/wp\/v2\/categories?post=128736"},{"taxonomy":"post_tag","embeddable":true,"href":"https:\/\/www.polishscience.pl\/de\/wp-json\/wp\/v2\/tags?post=128736"}],"curies":[{"name":"wp","href":"https:\/\/api.w.org\/{rel}","templated":true}]}}