{"id":128457,"date":"2020-05-18T17:07:45","date_gmt":"2020-05-18T15:07:45","guid":{"rendered":"http:\/\/polishscience.pl\/?p=128457"},"modified":"2020-05-18T17:07:45","modified_gmt":"2020-05-18T15:07:45","slug":"projekte-von-der-adam-mickiewicz-universitaet-posen-mit-der-foerderung-des-wissenschaftsministeriums","status":"publish","type":"post","link":"https:\/\/www.polishscience.pl\/de\/projekte-von-der-adam-mickiewicz-universitaet-posen-mit-der-foerderung-des-wissenschaftsministeriums\/","title":{"rendered":"Projekte von der Adam-Mickiewicz-Universit\u00e4t Posen mit der F\u00f6rderung des Wissenschaftsministeriums"},"content":{"rendered":"<p><strong>Ein paar Projekte von der Adam-Mickiewicz-Universit\u00e4t Posen haben eine Finanzierung in zwei Aufforderungen des Ministeriums f\u00fcr Wissenschaft und Hochschulbildung: \u201eExzellente Wissenschaft\u201c und \u201eSoziale Verantwortung der Wissenschaft\u201c erhalten \u2013 teilt die Universit\u00e4t mit. <\/strong><\/p>\n<p>Im Wettbewerb \u201eExzellente Wissenschaft\u201c wird das Wissenschaftsministerium folgende Projekte f\u00f6rdern: 23. Internationaler Kongress f\u00fcr Geschichtswissenschaften Posen 2020; Rebellische Menschen. Proteste in Europa im 21. Jahrhundert \u2013 Traditionen, Ziele, Wege der Selbstorganisation; BIO-EPICUR NET sowie Wissenschaftliche Konferenz \u201eELAZ 2020, a conference on elementary and analytic number theory\u201d und The 3rd World Conference of the Society for Urban Ecology 2020. Cities as SocialEcological System \u2013 Stiftung der Adam-Mickiewicz-Universit\u00e4t.<\/p>\n<p>Dank der Beihilfe aus der Aufforderung \u201eSoziale Verantwortung der Wissenschaft\u201c, die u.a. Popularisierung der Wissenschaft und F\u00f6rderung des akademischen Sports unterst\u00fctzt, wird man folgende Projekte durchf\u00fchren: Posener Wissenschafts- und Kunstfestival; Akademie \u201921; Mathematik hat Macht! \u2013 Popularisierung der Mathematikwissenschaften an der Fakult\u00e4t f\u00fcr Mathematik und Informatik der Adam-Mickiewicz-Universit\u00e4t Posen sowie Fechten baut Beziehungen auf.<\/p>\n","protected":false},"excerpt":{"rendered":"<p>Ein paar Projekte von der Adam-Mickiewicz-Universit\u00e4t Posen haben eine Finanzierung in zwei Aufforderungen des Ministeriums f\u00fcr Wissenschaft und Hochschulbildung: \u201eExzellente Wissenschaft\u201c und \u201eSoziale Verantwortung der Wissenschaft\u201c erhalten \u2013 teilt die Universit\u00e4t mit. Im Wettbewerb \u201eExzellente Wissenschaft\u201c wird das Wissenschaftsministerium folgende Projekte f\u00f6rdern: 23. Internationaler Kongress f\u00fcr Geschichtswissenschaften Posen 2020; Rebellische Menschen. Proteste in Europa im [&hellip;]<\/p>\n","protected":false},"author":9,"featured_media":0,"comment_status":"closed","ping_status":"closed","sticky":false,"template":"","format":"standard","meta":[],"categories":[59],"tags":[],"_links":{"self":[{"href":"https:\/\/www.polishscience.pl\/de\/wp-json\/wp\/v2\/posts\/128457"}],"collection":[{"href":"https:\/\/www.polishscience.pl\/de\/wp-json\/wp\/v2\/posts"}],"about":[{"href":"https:\/\/www.polishscience.pl\/de\/wp-json\/wp\/v2\/types\/post"}],"author":[{"embeddable":true,"href":"https:\/\/www.polishscience.pl\/de\/wp-json\/wp\/v2\/users\/9"}],"replies":[{"embeddable":true,"href":"https:\/\/www.polishscience.pl\/de\/wp-json\/wp\/v2\/comments?post=128457"}],"version-history":[{"count":0,"href":"https:\/\/www.polishscience.pl\/de\/wp-json\/wp\/v2\/posts\/128457\/revisions"}],"wp:attachment":[{"href":"https:\/\/www.polishscience.pl\/de\/wp-json\/wp\/v2\/media?parent=128457"}],"wp:term":[{"taxonomy":"category","embeddable":true,"href":"https:\/\/www.polishscience.pl\/de\/wp-json\/wp\/v2\/categories?post=128457"},{"taxonomy":"post_tag","embeddable":true,"href":"https:\/\/www.polishscience.pl\/de\/wp-json\/wp\/v2\/tags?post=128457"}],"curies":[{"name":"wp","href":"https:\/\/api.w.org\/{rel}","templated":true}]}}