{"id":126265,"date":"2020-05-04T13:10:06","date_gmt":"2020-05-04T11:10:06","guid":{"rendered":"http:\/\/polishscience.pl\/?p=126265"},"modified":"2020-05-04T14:10:18","modified_gmt":"2020-05-04T12:10:18","slug":"wissenschaftler-von-der-adam-mickiewicz-universitaet-posen-werden-die-wahrnehmung-der-klimaveraenderungen-untersuchen","status":"publish","type":"post","link":"https:\/\/www.polishscience.pl\/de\/wissenschaftler-von-der-adam-mickiewicz-universitaet-posen-werden-die-wahrnehmung-der-klimaveraenderungen-untersuchen\/","title":{"rendered":"Wissenschaftler von der Adam-Mickiewicz-Universit\u00e4t Posen werden die Wahrnehmung der Klimaver\u00e4nderungen untersuchen"},"content":{"rendered":"<p><strong>Wissenschaftler von der Adam-Mickiewicz-Universit\u00e4t Posen werden in der Zusammenarbeit mit den Forschern von der Universit\u00e4t Warschau, vom Center for International Climate Change Oslo sowie vom <\/strong><strong>Norwegian Institute for Air Research Kjeller an der Entwicklung der transdisziplin\u00e4ren Methodologie in der Klimawandelforschung arbeiten.<\/strong><\/p>\n<p>Das Projekt \u201eWahrnehmung der Klimaver\u00e4nderungen. Transdisziplin\u00e4re Untersuchungen der \u00dcberhitzung von St\u00e4dten\u201c gewann in der Aufforderung IdeaLab des Nationalen Wissenschaftszentrums. Die Forscher werden Natur-, Geistes- und Sozialwissenschaften verkn\u00fcpfen, um zu zeigen, wie umweltbezogene und biologische Aspekte der \u00dcberhitzung von St\u00e4dten sich mit den sozialen Erfahrungen der Menschen verbinden.<\/p>\n<p>Das Projekt verkn\u00fcpft abstraktive, globale und vom Alltagsleben scheinbar losgel\u00f6ste nat\u00fcrliche und physikalische Ph\u00e4nomene mit den regionalen Kenntnissen und Erfahrungen der Menschen. Auf diese Art und Weise will man untersuchen, wie die Menschen Klimaver\u00e4nderungen wahrnehmen, sowie den Klimawandel als nat\u00fcrliches und gesellschaftliches Ph\u00e4nomen analysieren \u2013 lesen wir auf der Website der Posener Universit\u00e4t.<\/p>\n<p>Mehr: <a href=\"https:\/\/amu.edu.pl\/dla-mediow\/komunikaty-prasowe\/kierowany-przez-dr-zofie-boni-z-instytutu-etnologii-i-antropologii-projekt-doswiadczanie-zmian-klimatycznych.-transdyscyplinarne-badanie-przegrzewania-miast-odniosl-sukces-w-konkursie-idealab-narodowego-centrum-nauki\">https:\/\/amu.edu.pl\/dla-mediow\/komunikaty-prasowe\/kierowany-przez-dr-zofie-boni-z-instytutu-etnologii-i-antropologii-projekt-doswiadczanie-zmian-klimatycznych.-transdyscyplinarne-badanie-przegrzewania-miast-odniosl-sukces-w-konkursie-idealab-narodowego-centrum-nauki<\/a>!<\/p>\n","protected":false},"excerpt":{"rendered":"<p>Wissenschaftler von der Adam-Mickiewicz-Universit\u00e4t Posen werden in der Zusammenarbeit mit den Forschern von der Universit\u00e4t Warschau, vom Center for International Climate Change Oslo sowie vom Norwegian Institute for Air Research Kjeller an der Entwicklung der transdisziplin\u00e4ren Methodologie in der Klimawandelforschung arbeiten. Das Projekt \u201eWahrnehmung der Klimaver\u00e4nderungen. Transdisziplin\u00e4re Untersuchungen der \u00dcberhitzung von St\u00e4dten\u201c gewann in der [&hellip;]<\/p>\n","protected":false},"author":9,"featured_media":0,"comment_status":"closed","ping_status":"closed","sticky":false,"template":"","format":"standard","meta":[],"categories":[59],"tags":[],"_links":{"self":[{"href":"https:\/\/www.polishscience.pl\/de\/wp-json\/wp\/v2\/posts\/126265"}],"collection":[{"href":"https:\/\/www.polishscience.pl\/de\/wp-json\/wp\/v2\/posts"}],"about":[{"href":"https:\/\/www.polishscience.pl\/de\/wp-json\/wp\/v2\/types\/post"}],"author":[{"embeddable":true,"href":"https:\/\/www.polishscience.pl\/de\/wp-json\/wp\/v2\/users\/9"}],"replies":[{"embeddable":true,"href":"https:\/\/www.polishscience.pl\/de\/wp-json\/wp\/v2\/comments?post=126265"}],"version-history":[{"count":0,"href":"https:\/\/www.polishscience.pl\/de\/wp-json\/wp\/v2\/posts\/126265\/revisions"}],"wp:attachment":[{"href":"https:\/\/www.polishscience.pl\/de\/wp-json\/wp\/v2\/media?parent=126265"}],"wp:term":[{"taxonomy":"category","embeddable":true,"href":"https:\/\/www.polishscience.pl\/de\/wp-json\/wp\/v2\/categories?post=126265"},{"taxonomy":"post_tag","embeddable":true,"href":"https:\/\/www.polishscience.pl\/de\/wp-json\/wp\/v2\/tags?post=126265"}],"curies":[{"name":"wp","href":"https:\/\/api.w.org\/{rel}","templated":true}]}}