{"id":125569,"date":"2020-04-27T18:00:30","date_gmt":"2020-04-27T16:00:30","guid":{"rendered":"http:\/\/polishscience.pl\/?p=125569"},"modified":"2020-04-27T18:00:30","modified_gmt":"2020-04-27T16:00:30","slug":"an-der-schlesischen-technischen-universitaet-ist-ein-sterilisator-fuer-hepa-filter-entstanden","status":"publish","type":"post","link":"https:\/\/www.polishscience.pl\/de\/an-der-schlesischen-technischen-universitaet-ist-ein-sterilisator-fuer-hepa-filter-entstanden\/","title":{"rendered":"An der Schlesischen Technischen Universit\u00e4t ist ein Sterilisator f\u00fcr HEPA-Filter entstanden"},"content":{"rendered":"<p><strong>Mitarbeiter der Schlesischen Technischen Universit\u00e4t haben eine kompakte Kammer f\u00fcr die Sterilisation der Polymerfilter HEPA entwickelt und aufgebaut. Dank dieser Kammer wird man die in den Schutzmasken, die vom medizinischen Personal in Krankenh\u00e4usern gebraucht werden, verwendete Filter wiederholt verwenden k\u00f6nnen.<\/strong><\/p>\n<p>Das Ger\u00e4t arbeitet mit der UV-Strahlung. Die Exposition gegen\u00fcber der Strahlung mit einer Wellenl\u00e4nge von 100 bis 280 nm (UVC-Band) erm\u00f6glicht effektive Inaktivierung des Pathogens, der schwere Lungeninsuffizienz verursacht (SARS-CoV i MERS-CoV). Ber\u00fccksichtigt man die in der Forschung berichteten \u00c4hnlichkeiten zwischen den Zellen von SARS-CoV und SARS-CoV-2 kann man annehmen, dass die UVC-Strahlung auch im Falle des Virus SARS-CoV-2 \u00a0wirksam sei \u2013 lesen wir auf der Website der Hochschule.<\/p>\n<p>Die Sterilisationskammer wurde der Abteilung f\u00fcr Infektionserkrankungen und Hepatologie des 1.Spezialistischen Krankenhauses Bytom \u00fcbergeben, wo man das Ger\u00e4t \u00fcberpr\u00fcfen wird.<\/p>\n","protected":false},"excerpt":{"rendered":"<p>Mitarbeiter der Schlesischen Technischen Universit\u00e4t haben eine kompakte Kammer f\u00fcr die Sterilisation der Polymerfilter HEPA entwickelt und aufgebaut. Dank dieser Kammer wird man die in den Schutzmasken, die vom medizinischen Personal in Krankenh\u00e4usern gebraucht werden, verwendete Filter wiederholt verwenden k\u00f6nnen. Das Ger\u00e4t arbeitet mit der UV-Strahlung. Die Exposition gegen\u00fcber der Strahlung mit einer Wellenl\u00e4nge von [&hellip;]<\/p>\n","protected":false},"author":9,"featured_media":0,"comment_status":"closed","ping_status":"closed","sticky":false,"template":"","format":"standard","meta":[],"categories":[63],"tags":[],"_links":{"self":[{"href":"https:\/\/www.polishscience.pl\/de\/wp-json\/wp\/v2\/posts\/125569"}],"collection":[{"href":"https:\/\/www.polishscience.pl\/de\/wp-json\/wp\/v2\/posts"}],"about":[{"href":"https:\/\/www.polishscience.pl\/de\/wp-json\/wp\/v2\/types\/post"}],"author":[{"embeddable":true,"href":"https:\/\/www.polishscience.pl\/de\/wp-json\/wp\/v2\/users\/9"}],"replies":[{"embeddable":true,"href":"https:\/\/www.polishscience.pl\/de\/wp-json\/wp\/v2\/comments?post=125569"}],"version-history":[{"count":0,"href":"https:\/\/www.polishscience.pl\/de\/wp-json\/wp\/v2\/posts\/125569\/revisions"}],"wp:attachment":[{"href":"https:\/\/www.polishscience.pl\/de\/wp-json\/wp\/v2\/media?parent=125569"}],"wp:term":[{"taxonomy":"category","embeddable":true,"href":"https:\/\/www.polishscience.pl\/de\/wp-json\/wp\/v2\/categories?post=125569"},{"taxonomy":"post_tag","embeddable":true,"href":"https:\/\/www.polishscience.pl\/de\/wp-json\/wp\/v2\/tags?post=125569"}],"curies":[{"name":"wp","href":"https:\/\/api.w.org\/{rel}","templated":true}]}}