{"id":121109,"date":"2020-03-25T13:55:01","date_gmt":"2020-03-25T12:55:01","guid":{"rendered":"http:\/\/polishscience.pl\/?p=121109"},"modified":"2020-03-25T14:55:43","modified_gmt":"2020-03-25T13:55:43","slug":"hochschulminister-hat-sich-mit-studenten-getroffen","status":"publish","type":"post","link":"https:\/\/www.polishscience.pl\/de\/hochschulminister-hat-sich-mit-studenten-getroffen\/","title":{"rendered":"Hochschulminister hat sich mit Studenten \u201egetroffen\u201c"},"content":{"rendered":"<p><strong>Stellvertretender Ministerpr\u00e4sident, Minister f\u00fcr Wissenschaft und Hochschulbildung Jaros\u0142aw Gowin hat auf die Fragen der Studierenden, die mit dem Funktionieren der Hochschulen w\u00e4hrend und nach der Coronavirus-Epidemie verbunden waren, geantwortet. Das Online-Treffen wurde vom Studierendenparlament der Republik Polen im Rahmen der Aktion \u201eStudent allein zu Haus\u201c organisiert.<\/strong><\/p>\n<p>Wird die Verl\u00e4ngerung der Aussetzung der Lehrt\u00e4tigkeit bis Ostern zur Verl\u00e4ngerung des Semesters f\u00fchren \u2013 haben die Studierenden gefragt.<\/p>\n<p>Wenn es uns gelingen wird, Hochschulen ab dem 15. April wieder in Gang zu bringen, und wenn man die Zeit f\u00fcr das Anlaufen ber\u00fccksichtigt, dann realistisch am 20. oder 21. April, dann sehe ich keine Ursachen f\u00fcr die Verl\u00e4ngerung des akademischen Jahres. Ich erinnere daran, dass das akademische Jahr formell bis zum 30. September dauert. Ich rechne darauf, dass es uns gelingen wird, das ganze Jahr in diesem Zeitraum abzuschlie\u00dfen \u2013 erkl\u00e4rte Jaros\u0142aw Gowin.<\/p>\n<p>Die Studenten haben auch auf die Probleme mit der Fernbildung und geringes Engagement der Hochschullehrer in Unterrichte dieser Art aufmerksam gemacht.<\/p>\n<p>Ich habe bestimmte Empfehlungen gegeben, wie diese Lehrveranstaltungen aussehen sollten, doch ich habe keine M\u00f6glichkeit und keine Instrumente dazu, diese Tausende Kursen, die derzeit stattfinden, zu verifizieren. Dies ist eine Aufgabe f\u00fcr die Beh\u00f6rden einzelner Hochschulen und in der Zukunft \u2013 f\u00fcr die Polnische Akkreditierungskommission \u2013 stellte Hochschulminister fest.<\/p>\n","protected":false},"excerpt":{"rendered":"<p>Stellvertretender Ministerpr\u00e4sident, Minister f\u00fcr Wissenschaft und Hochschulbildung Jaros\u0142aw Gowin hat auf die Fragen der Studierenden, die mit dem Funktionieren der Hochschulen w\u00e4hrend und nach der Coronavirus-Epidemie verbunden waren, geantwortet. Das Online-Treffen wurde vom Studierendenparlament der Republik Polen im Rahmen der Aktion \u201eStudent allein zu Haus\u201c organisiert. Wird die Verl\u00e4ngerung der Aussetzung der Lehrt\u00e4tigkeit bis Ostern [&hellip;]<\/p>\n","protected":false},"author":9,"featured_media":0,"comment_status":"closed","ping_status":"closed","sticky":false,"template":"","format":"standard","meta":[],"categories":[59],"tags":[],"_links":{"self":[{"href":"https:\/\/www.polishscience.pl\/de\/wp-json\/wp\/v2\/posts\/121109"}],"collection":[{"href":"https:\/\/www.polishscience.pl\/de\/wp-json\/wp\/v2\/posts"}],"about":[{"href":"https:\/\/www.polishscience.pl\/de\/wp-json\/wp\/v2\/types\/post"}],"author":[{"embeddable":true,"href":"https:\/\/www.polishscience.pl\/de\/wp-json\/wp\/v2\/users\/9"}],"replies":[{"embeddable":true,"href":"https:\/\/www.polishscience.pl\/de\/wp-json\/wp\/v2\/comments?post=121109"}],"version-history":[{"count":0,"href":"https:\/\/www.polishscience.pl\/de\/wp-json\/wp\/v2\/posts\/121109\/revisions"}],"wp:attachment":[{"href":"https:\/\/www.polishscience.pl\/de\/wp-json\/wp\/v2\/media?parent=121109"}],"wp:term":[{"taxonomy":"category","embeddable":true,"href":"https:\/\/www.polishscience.pl\/de\/wp-json\/wp\/v2\/categories?post=121109"},{"taxonomy":"post_tag","embeddable":true,"href":"https:\/\/www.polishscience.pl\/de\/wp-json\/wp\/v2\/tags?post=121109"}],"curies":[{"name":"wp","href":"https:\/\/api.w.org\/{rel}","templated":true}]}}