{"id":120351,"date":"2020-03-19T13:58:00","date_gmt":"2020-03-19T12:58:00","guid":{"rendered":"http:\/\/polishscience.pl\/?p=120351"},"modified":"2020-03-19T13:58:00","modified_gmt":"2020-03-19T12:58:00","slug":"wahl-des-rektors-der-universitaet-warschau-wurde-um-zwei-monate-verschoben","status":"publish","type":"post","link":"https:\/\/www.polishscience.pl\/de\/wahl-des-rektors-der-universitaet-warschau-wurde-um-zwei-monate-verschoben\/","title":{"rendered":"Wahl des Rektors der Universit\u00e4t Warschau wurde um zwei Monate verschoben"},"content":{"rendered":"<p><strong>Die auf den 22. April geplante Wahl des Rektors der Universit\u00e4t Warschau wurde auf 17. Juni verlegt. Dies ist mit der aktuellen epidemiologischen Lage verbunden. <\/strong><\/p>\n<p>Die Wahlkommission der Hochschule hat im Zusammenhang mit der Verordnung des Rektors der Universit\u00e4t Warschau \u00fcber die Verhinderung der Ausbreitung des Virus COVID-19 einen Beschluss \u00fcber die Ver\u00e4nderung des Zeitplans der Wahlvorg\u00e4nge erlassen. Die wichtigste Folge dieses Beschlusses ist die Verlegung der Rektorenwahl auf 17. Juni. Urspr\u00fcnglich sollte die Wahl am 22. April stattfinden. Verschoben wurden auch u.a. die Sitzung des Senats, in der man zur Eignung der Kandidaten Stellung nehmen sollte (auf 20. Mai) und das Vorwahltreffen mit Kandidaten (auf 25. Mai).<\/p>\n<p>F\u00fcr das Amt des Rektors der Universit\u00e4t Warschau kandidieren: Prof. Alojzy N. Nowak \u2013 Dekan der Fakult\u00e4t f\u00fcr Management, Prof. Pawe\u0142 Strzelecki \u2013 Dekan der Fakult\u00e4t f\u00fcr Mathematik, Informatik und Mechanik der Universit\u00e4t Warschau sowie Prof. Andrzej Tarlecki \u2013 Prorektor f\u00fcr Personalangelegenheiten und Finanzpolitik.<\/p>\n","protected":false},"excerpt":{"rendered":"<p>Die auf den 22. April geplante Wahl des Rektors der Universit\u00e4t Warschau wurde auf 17. Juni verlegt. Dies ist mit der aktuellen epidemiologischen Lage verbunden. Die Wahlkommission der Hochschule hat im Zusammenhang mit der Verordnung des Rektors der Universit\u00e4t Warschau \u00fcber die Verhinderung der Ausbreitung des Virus COVID-19 einen Beschluss \u00fcber die Ver\u00e4nderung des Zeitplans [&hellip;]<\/p>\n","protected":false},"author":9,"featured_media":0,"comment_status":"closed","ping_status":"closed","sticky":false,"template":"","format":"standard","meta":[],"categories":[59],"tags":[],"_links":{"self":[{"href":"https:\/\/www.polishscience.pl\/de\/wp-json\/wp\/v2\/posts\/120351"}],"collection":[{"href":"https:\/\/www.polishscience.pl\/de\/wp-json\/wp\/v2\/posts"}],"about":[{"href":"https:\/\/www.polishscience.pl\/de\/wp-json\/wp\/v2\/types\/post"}],"author":[{"embeddable":true,"href":"https:\/\/www.polishscience.pl\/de\/wp-json\/wp\/v2\/users\/9"}],"replies":[{"embeddable":true,"href":"https:\/\/www.polishscience.pl\/de\/wp-json\/wp\/v2\/comments?post=120351"}],"version-history":[{"count":0,"href":"https:\/\/www.polishscience.pl\/de\/wp-json\/wp\/v2\/posts\/120351\/revisions"}],"wp:attachment":[{"href":"https:\/\/www.polishscience.pl\/de\/wp-json\/wp\/v2\/media?parent=120351"}],"wp:term":[{"taxonomy":"category","embeddable":true,"href":"https:\/\/www.polishscience.pl\/de\/wp-json\/wp\/v2\/categories?post=120351"},{"taxonomy":"post_tag","embeddable":true,"href":"https:\/\/www.polishscience.pl\/de\/wp-json\/wp\/v2\/tags?post=120351"}],"curies":[{"name":"wp","href":"https:\/\/api.w.org\/{rel}","templated":true}]}}