{"id":119575,"date":"2020-03-13T15:21:32","date_gmt":"2020-03-13T14:21:32","guid":{"rendered":"http:\/\/polishscience.pl\/?p=119575"},"modified":"2020-03-13T15:21:32","modified_gmt":"2020-03-13T14:21:32","slug":"wissenschaftler-von-der-technischen-universitaet-breslau-als-preistraeger-des-wettbewerbs-famelab","status":"publish","type":"post","link":"https:\/\/www.polishscience.pl\/de\/wissenschaftler-von-der-technischen-universitaet-breslau-als-preistraeger-des-wettbewerbs-famelab\/","title":{"rendered":"Wissenschaftler von der Technischen Universit\u00e4t Breslau als Preistr\u00e4ger des Wettbewerbs FameLab"},"content":{"rendered":"<p><strong>Dr. Ing. Jerzy \u0141\u0105tka \u2013 Architekt und Wissenschaftler von der Fakult\u00e4t f\u00fcr Architektur der Technischen Universit\u00e4t Breslau \u2013 geh\u00f6rt zu den 10 Preistr\u00e4gern des Wettbewerbs FameLab \u2013 des internationalen Wettbewerbs, der den Wissenschaftsvermittlern bei der Verbesserung der F\u00e4higkeit, einfach \u00fcber komplizierte wissenschaftliche Fragen zu sprechen, hilft.<\/strong><\/p>\n<p>&#8211; Ich habe \u00fcber meine Forschung, die die M\u00f6glichkeit der Verwendung des Papiers in der Architektur betrifft, erz\u00e4hlt \u2013 berichtet Dr. \u0141\u0105tka. \u2013 Ich habe mich auf den Einfluss der Bauindustrie auf die Umwelt konzentriert, habe \u00fcber die Chancen und Bedrohungen, die mit dem Papier verbunden sind, sowie \u00fcber Papierprodukten, die schon heute als Baumaterialien verwendet werden k\u00f6nnen, gesprochen \u2013 erkl\u00e4rt der Preistr\u00e4ger.<\/p>\n<p>Das Finale des Wettbewerbs wird am 16. Mai stattfinden. Dr. \u0141\u0105tka wird eine Pr\u00e4sentation vorbereiten, in der er sich auf den Beihilfeaspekt \u2013 auf die Vorbereitung der H\u00e4user f\u00fcr Opfer der nat\u00fcrlichen Katastrophen oder bewaffneter Konflikte konzentrieren wird.<\/p>\n<p>Mehr: <a href=\"https:\/\/pwr.edu.pl\/uczelnia\/aktualnosci\/nasz-naukowiec-finalista-konkursu-famelab-11509.html\">https:\/\/pwr.edu.pl\/uczelnia\/aktualnosci\/nasz-naukowiec-finalista-konkursu-famelab-11509.html<\/a><\/p>\n","protected":false},"excerpt":{"rendered":"<p>Dr. Ing. Jerzy \u0141\u0105tka \u2013 Architekt und Wissenschaftler von der Fakult\u00e4t f\u00fcr Architektur der Technischen Universit\u00e4t Breslau \u2013 geh\u00f6rt zu den 10 Preistr\u00e4gern des Wettbewerbs FameLab \u2013 des internationalen Wettbewerbs, der den Wissenschaftsvermittlern bei der Verbesserung der F\u00e4higkeit, einfach \u00fcber komplizierte wissenschaftliche Fragen zu sprechen, hilft. &#8211; Ich habe \u00fcber meine Forschung, die die M\u00f6glichkeit [&hellip;]<\/p>\n","protected":false},"author":9,"featured_media":0,"comment_status":"closed","ping_status":"closed","sticky":false,"template":"","format":"standard","meta":[],"categories":[65],"tags":[],"_links":{"self":[{"href":"https:\/\/www.polishscience.pl\/de\/wp-json\/wp\/v2\/posts\/119575"}],"collection":[{"href":"https:\/\/www.polishscience.pl\/de\/wp-json\/wp\/v2\/posts"}],"about":[{"href":"https:\/\/www.polishscience.pl\/de\/wp-json\/wp\/v2\/types\/post"}],"author":[{"embeddable":true,"href":"https:\/\/www.polishscience.pl\/de\/wp-json\/wp\/v2\/users\/9"}],"replies":[{"embeddable":true,"href":"https:\/\/www.polishscience.pl\/de\/wp-json\/wp\/v2\/comments?post=119575"}],"version-history":[{"count":0,"href":"https:\/\/www.polishscience.pl\/de\/wp-json\/wp\/v2\/posts\/119575\/revisions"}],"wp:attachment":[{"href":"https:\/\/www.polishscience.pl\/de\/wp-json\/wp\/v2\/media?parent=119575"}],"wp:term":[{"taxonomy":"category","embeddable":true,"href":"https:\/\/www.polishscience.pl\/de\/wp-json\/wp\/v2\/categories?post=119575"},{"taxonomy":"post_tag","embeddable":true,"href":"https:\/\/www.polishscience.pl\/de\/wp-json\/wp\/v2\/tags?post=119575"}],"curies":[{"name":"wp","href":"https:\/\/api.w.org\/{rel}","templated":true}]}}