{"id":118207,"date":"2020-03-05T14:44:39","date_gmt":"2020-03-05T13:44:39","guid":{"rendered":"http:\/\/polishscience.pl\/?p=118207"},"modified":"2020-03-05T14:44:39","modified_gmt":"2020-03-05T13:44:39","slug":"internationaler-bildungssalon-perspektiven-2020","status":"publish","type":"post","link":"https:\/\/www.polishscience.pl\/de\/internationaler-bildungssalon-perspektiven-2020\/","title":{"rendered":"Internationaler Bildungssalon Perspektiven 2020"},"content":{"rendered":"<p><strong>Warschauer Salon f\u00fcr Sekundarschulen, Messe f\u00fcr Hochschulen aus Polen und aus dem Ausland, Vortr\u00e4ge der Experten, Workshops, Treffen mit Berufsberatern \u2013 so wird das Programm des 33. Internationalen Bildungssalons Perspektiven 2020, der vom 6. bis zum 7. M\u00e4rz \u00a0im Kultur- und Wissenschaftspalast Warschau stattfinden wird, aussehen.<\/strong><\/p>\n<p>M\u00e4rz ist eine perfekte Zeit f\u00fcr die letzten Wiederholungen vor der Pr\u00fcfung am Ende der Grundschule und dem Abitur sowie ideale Zeit f\u00fcr die Auswahl einer Sekundarschule oder Hochschule. W\u00e4hrend des internationalen Bildungssalons kann man diese zwei Aufgaben verbinden und zus\u00e4tzlich kompetente Beratung der Experten erhalten \u2013 informieren die Organisatoren.<\/p>\n<p>Die Schirmherrschaft \u00fcber die Veranstaltung, die letztes Jahr mehr als 30.000 Besucher versammelt hat, haben stallvertretender Ministerpr\u00e4sident Jaros\u0142aw Gowin, Minister f\u00fcr Wissenschaft und Hochschulbildung, Dariusz Piontkowski, Bildungsminister, Rafa\u0142 Trzaskowski, Pr\u00e4sident von Warschau sowie Prof. Dr. habil. Ing. Jan Szmidt, Vorsitzender der Konferenz der Rektoren der Akademischen Schulen in Polen \u00fcbernommen.<\/p>\n","protected":false},"excerpt":{"rendered":"<p>Warschauer Salon f\u00fcr Sekundarschulen, Messe f\u00fcr Hochschulen aus Polen und aus dem Ausland, Vortr\u00e4ge der Experten, Workshops, Treffen mit Berufsberatern \u2013 so wird das Programm des 33. Internationalen Bildungssalons Perspektiven 2020, der vom 6. bis zum 7. M\u00e4rz \u00a0im Kultur- und Wissenschaftspalast Warschau stattfinden wird, aussehen. M\u00e4rz ist eine perfekte Zeit f\u00fcr die letzten Wiederholungen [&hellip;]<\/p>\n","protected":false},"author":9,"featured_media":0,"comment_status":"closed","ping_status":"closed","sticky":false,"template":"","format":"standard","meta":[],"categories":[65],"tags":[],"_links":{"self":[{"href":"https:\/\/www.polishscience.pl\/de\/wp-json\/wp\/v2\/posts\/118207"}],"collection":[{"href":"https:\/\/www.polishscience.pl\/de\/wp-json\/wp\/v2\/posts"}],"about":[{"href":"https:\/\/www.polishscience.pl\/de\/wp-json\/wp\/v2\/types\/post"}],"author":[{"embeddable":true,"href":"https:\/\/www.polishscience.pl\/de\/wp-json\/wp\/v2\/users\/9"}],"replies":[{"embeddable":true,"href":"https:\/\/www.polishscience.pl\/de\/wp-json\/wp\/v2\/comments?post=118207"}],"version-history":[{"count":0,"href":"https:\/\/www.polishscience.pl\/de\/wp-json\/wp\/v2\/posts\/118207\/revisions"}],"wp:attachment":[{"href":"https:\/\/www.polishscience.pl\/de\/wp-json\/wp\/v2\/media?parent=118207"}],"wp:term":[{"taxonomy":"category","embeddable":true,"href":"https:\/\/www.polishscience.pl\/de\/wp-json\/wp\/v2\/categories?post=118207"},{"taxonomy":"post_tag","embeddable":true,"href":"https:\/\/www.polishscience.pl\/de\/wp-json\/wp\/v2\/tags?post=118207"}],"curies":[{"name":"wp","href":"https:\/\/api.w.org\/{rel}","templated":true}]}}