{"id":117757,"date":"2020-03-03T15:55:03","date_gmt":"2020-03-03T14:55:03","guid":{"rendered":"http:\/\/polishscience.pl\/?p=117757"},"modified":"2020-03-03T15:55:03","modified_gmt":"2020-03-03T14:55:03","slug":"forscherin-von-der-wirtschaftsuniversitaet-posen-als-vorsitzende-des-komitees-fuer-demographische-studien-der-polnischen-akademie-der-wissenschaften","status":"publish","type":"post","link":"https:\/\/www.polishscience.pl\/de\/forscherin-von-der-wirtschaftsuniversitaet-posen-als-vorsitzende-des-komitees-fuer-demographische-studien-der-polnischen-akademie-der-wissenschaften\/","title":{"rendered":"Forscherin von der Wirtschaftsuniversit\u00e4t Posen als Vorsitzende des Komitees f\u00fcr Demographische Studien der Polnischen Akademie der Wissenschaften"},"content":{"rendered":"<p><strong>Prof. El\u017cbieta Go\u0142ata \u2013 Prorektorin f\u00fcr Wissenschaft und Zusammenarbeit mit dem Ausland der Wirtschaftsuniversit\u00e4t Posen \u2013 wurde zur Vorsitzenden des Komitees f\u00fcr Demographische Studien der Polnischen Akademie der Wissenschaften f\u00fcr die Amtszeit 2020-2023 gew\u00e4hlt \u2013 teilt die Universit\u00e4t mit.<\/strong><\/p>\n<p>Das Komitee f\u00fcr Demographische Studien trifft Ma\u00dfnahmen, die zur Entwicklung der Demographie und der Bev\u00f6lkerungsstudien sowie der Verwendung dieser f\u00fcr das Wohl des Landes durch die Organisation von Diskussionen und Konferenzen, Vorbereitung von Gutachten und Stellungnahmen in Angelegenheiten der Bev\u00f6lkerungspolitik des Staates dienen. Das Komitee arbeitet dabei mit dem Regierungsrat f\u00fcr Bev\u00f6lkerung und dem Zentralen Statistischen Amt sowie ausl\u00e4ndischen wissenschaftlichen Organisationen zusammen.<\/p>\n<p>Die wissenschaftlichen Interessen von Prof. Go\u0142ata umfassen demographische Analyse, Qualit\u00e4t der statistischen Daten, Integration unterschiedlicher Informationsquellen, Methodologie der statistischen Untersuchungen, Arbeitsmarkt, Statistik der kleinen Bereiche, regionale und soziale Statistik, territoriale Differenzierung demographischer Prozesse, mehrdimensionale demographische und statistische Analyse.<\/p>\n","protected":false},"excerpt":{"rendered":"<p>Prof. El\u017cbieta Go\u0142ata \u2013 Prorektorin f\u00fcr Wissenschaft und Zusammenarbeit mit dem Ausland der Wirtschaftsuniversit\u00e4t Posen \u2013 wurde zur Vorsitzenden des Komitees f\u00fcr Demographische Studien der Polnischen Akademie der Wissenschaften f\u00fcr die Amtszeit 2020-2023 gew\u00e4hlt \u2013 teilt die Universit\u00e4t mit. Das Komitee f\u00fcr Demographische Studien trifft Ma\u00dfnahmen, die zur Entwicklung der Demographie und der Bev\u00f6lkerungsstudien sowie [&hellip;]<\/p>\n","protected":false},"author":9,"featured_media":0,"comment_status":"closed","ping_status":"closed","sticky":false,"template":"","format":"standard","meta":[],"categories":[65],"tags":[],"_links":{"self":[{"href":"https:\/\/www.polishscience.pl\/de\/wp-json\/wp\/v2\/posts\/117757"}],"collection":[{"href":"https:\/\/www.polishscience.pl\/de\/wp-json\/wp\/v2\/posts"}],"about":[{"href":"https:\/\/www.polishscience.pl\/de\/wp-json\/wp\/v2\/types\/post"}],"author":[{"embeddable":true,"href":"https:\/\/www.polishscience.pl\/de\/wp-json\/wp\/v2\/users\/9"}],"replies":[{"embeddable":true,"href":"https:\/\/www.polishscience.pl\/de\/wp-json\/wp\/v2\/comments?post=117757"}],"version-history":[{"count":0,"href":"https:\/\/www.polishscience.pl\/de\/wp-json\/wp\/v2\/posts\/117757\/revisions"}],"wp:attachment":[{"href":"https:\/\/www.polishscience.pl\/de\/wp-json\/wp\/v2\/media?parent=117757"}],"wp:term":[{"taxonomy":"category","embeddable":true,"href":"https:\/\/www.polishscience.pl\/de\/wp-json\/wp\/v2\/categories?post=117757"},{"taxonomy":"post_tag","embeddable":true,"href":"https:\/\/www.polishscience.pl\/de\/wp-json\/wp\/v2\/tags?post=117757"}],"curies":[{"name":"wp","href":"https:\/\/api.w.org\/{rel}","templated":true}]}}