{"id":117752,"date":"2020-03-03T12:19:20","date_gmt":"2020-03-03T11:19:20","guid":{"rendered":"http:\/\/polishscience.pl\/?p=117752"},"modified":"2020-03-03T14:19:41","modified_gmt":"2020-03-03T13:19:41","slug":"konferenz-der-polnischen-akademie-der-wissenschaften-wasser-vs-klimawandel","status":"publish","type":"post","link":"https:\/\/www.polishscience.pl\/de\/konferenz-der-polnischen-akademie-der-wissenschaften-wasser-vs-klimawandel\/","title":{"rendered":"Konferenz der Polnischen Akademie der Wissenschaften \u201eWasser vs. Klimawandel\u201c"},"content":{"rendered":"<p><strong>Die Polnische Akademie der Wissenschaften organisiert am 23. M\u00e4rz 2020 eine Konferenz \u201eWasser vs. Klimawandel\u201c anl\u00e4sslich des Weltwassertages, die in Warschau stattfinden wird. <\/strong><\/p>\n<p>Die Teilnehmer der Veranstaltung werden gemeinsam \u00fcberlegen, wie die globale Erw\u00e4rmung die Wasserressourcen in Polen beeinflusst. Die Diskussion werden stellvertretender Pr\u00e4sident der Polnischen Akademie der Wissenschaften Prof. Pawe\u0142 Rowi\u0144ski und Prof. Tomasz Okruszko, Vorsitzender des Komitees f\u00fcr Wasserwirtschaft der Polnischen Akademie der Wissenschaften f\u00fchren. Unser Gast wird der Minister f\u00fcr Klima Dr. Micha\u0142 Kurtyka sein.<\/p>\n<p>W\u00e4hrend der Veranstaltung haben die Organisatoren mehrere Vortr\u00e4ge geplant. \u00dcber die m\u00f6glichen Szenarien in Bezug auf thermische und Niederschlagsbedingungen in Polen bis 2100 wird Dr. habil. Ing. Joanna Stru\u017cewska vom Institut f\u00fcr Umweltschutz erz\u00e4hlen. Das Thema der Anpassung der St\u00e4dte an die Klimaver\u00e4nderungen wird Dr. habil. Iwona Wagner (Universit\u00e4t \u0141\u00f3d\u017a) n\u00e4her bringen. Die wichtige Rolle der Ozeane wird dagegen Prof. Jan Marcin W\u0119s\u0142awski (Institut f\u00fcr Ozeanologie der Polnischen Akademie der Wissenschaften) erkl\u00e4ren.<\/p>\n","protected":false},"excerpt":{"rendered":"<p>Die Polnische Akademie der Wissenschaften organisiert am 23. M\u00e4rz 2020 eine Konferenz \u201eWasser vs. Klimawandel\u201c anl\u00e4sslich des Weltwassertages, die in Warschau stattfinden wird. Die Teilnehmer der Veranstaltung werden gemeinsam \u00fcberlegen, wie die globale Erw\u00e4rmung die Wasserressourcen in Polen beeinflusst. Die Diskussion werden stellvertretender Pr\u00e4sident der Polnischen Akademie der Wissenschaften Prof. Pawe\u0142 Rowi\u0144ski und Prof. Tomasz [&hellip;]<\/p>\n","protected":false},"author":9,"featured_media":0,"comment_status":"closed","ping_status":"closed","sticky":false,"template":"","format":"standard","meta":[],"categories":[65],"tags":[],"_links":{"self":[{"href":"https:\/\/www.polishscience.pl\/de\/wp-json\/wp\/v2\/posts\/117752"}],"collection":[{"href":"https:\/\/www.polishscience.pl\/de\/wp-json\/wp\/v2\/posts"}],"about":[{"href":"https:\/\/www.polishscience.pl\/de\/wp-json\/wp\/v2\/types\/post"}],"author":[{"embeddable":true,"href":"https:\/\/www.polishscience.pl\/de\/wp-json\/wp\/v2\/users\/9"}],"replies":[{"embeddable":true,"href":"https:\/\/www.polishscience.pl\/de\/wp-json\/wp\/v2\/comments?post=117752"}],"version-history":[{"count":0,"href":"https:\/\/www.polishscience.pl\/de\/wp-json\/wp\/v2\/posts\/117752\/revisions"}],"wp:attachment":[{"href":"https:\/\/www.polishscience.pl\/de\/wp-json\/wp\/v2\/media?parent=117752"}],"wp:term":[{"taxonomy":"category","embeddable":true,"href":"https:\/\/www.polishscience.pl\/de\/wp-json\/wp\/v2\/categories?post=117752"},{"taxonomy":"post_tag","embeddable":true,"href":"https:\/\/www.polishscience.pl\/de\/wp-json\/wp\/v2\/tags?post=117752"}],"curies":[{"name":"wp","href":"https:\/\/api.w.org\/{rel}","templated":true}]}}