{"id":117747,"date":"2020-03-03T14:00:17","date_gmt":"2020-03-03T13:00:17","guid":{"rendered":"http:\/\/polishscience.pl\/?p=117747"},"modified":"2020-03-03T14:19:30","modified_gmt":"2020-03-03T13:19:30","slug":"konferenz-100-jahre-des-umweltschutzes-in-polen-und-was-dann","status":"publish","type":"post","link":"https:\/\/www.polishscience.pl\/de\/konferenz-100-jahre-des-umweltschutzes-in-polen-und-was-dann\/","title":{"rendered":"Konferenz \u201e100 Jahre des Umweltschutzes in Polen \u2013 und was dann?\u201c"},"content":{"rendered":"<p><strong>Der Lehrstuhl f\u00fcr Umweltschutz der Naturwissenschaftlichen Universit\u00e4t Warschau (SGGW) und die Stiftung das Institut f\u00fcr \u00d6koentwicklung laden Wissenschaftler, Gesch\u00e4ftspraktiker, Vertreter der Selbstverwaltung und der Nichtregierungsorganisationen zur Konferenz mit dem Titel \u201e100 Jahre des Umweltschutzes in Polen \u2013 und was dann?\u201c, die vom 16. bis zum 17. M\u00e4rz 2020 im Technikerhaus in Warschau stattfinden wird, ein.<\/strong><\/p>\n<p>Die symbolischen 100 Jahre werden seit dem 17. Dezember 1919, als die wissenschaftlichen Gemeinschaften die Gr\u00fcndung des Staatlichen Rates f\u00fcr den Naturschutz in der Zweiten Polnischen Republik vorgeschlagen haben, gez\u00e4hlt.<\/p>\n<p>Die Konferenz soll die Anstrengungen vieler Generationen der Menschen, Einrichtungen und Organisationen, die zum Schutz unseres Heimatlandes und F\u00f6rderung des modernen Verst\u00e4ndnisses des Umweltschutzes und der nachhaltigen Entwicklung ergriffen wurden, pr\u00e4sentieren.<\/p>\n<p>Die Thematik der Konferenz betrifft geschichtliche Niederlagen und Erfolge des Umweltschutzes in Polen. Man will auch Empfehlungen f\u00fcr die zuk\u00fcnftige Politik der nachhaltigen Entwicklung unseres Landes, die mit den Zielen der Nachhaltigen Entwicklung der Vereinten Nationen \u00fcbereinstimmen soll, entwickeln.<\/p>\n","protected":false},"excerpt":{"rendered":"<p>Der Lehrstuhl f\u00fcr Umweltschutz der Naturwissenschaftlichen Universit\u00e4t Warschau (SGGW) und die Stiftung das Institut f\u00fcr \u00d6koentwicklung laden Wissenschaftler, Gesch\u00e4ftspraktiker, Vertreter der Selbstverwaltung und der Nichtregierungsorganisationen zur Konferenz mit dem Titel \u201e100 Jahre des Umweltschutzes in Polen \u2013 und was dann?\u201c, die vom 16. bis zum 17. M\u00e4rz 2020 im Technikerhaus in Warschau stattfinden wird, ein. [&hellip;]<\/p>\n","protected":false},"author":9,"featured_media":0,"comment_status":"closed","ping_status":"closed","sticky":false,"template":"","format":"standard","meta":[],"categories":[65],"tags":[],"_links":{"self":[{"href":"https:\/\/www.polishscience.pl\/de\/wp-json\/wp\/v2\/posts\/117747"}],"collection":[{"href":"https:\/\/www.polishscience.pl\/de\/wp-json\/wp\/v2\/posts"}],"about":[{"href":"https:\/\/www.polishscience.pl\/de\/wp-json\/wp\/v2\/types\/post"}],"author":[{"embeddable":true,"href":"https:\/\/www.polishscience.pl\/de\/wp-json\/wp\/v2\/users\/9"}],"replies":[{"embeddable":true,"href":"https:\/\/www.polishscience.pl\/de\/wp-json\/wp\/v2\/comments?post=117747"}],"version-history":[{"count":0,"href":"https:\/\/www.polishscience.pl\/de\/wp-json\/wp\/v2\/posts\/117747\/revisions"}],"wp:attachment":[{"href":"https:\/\/www.polishscience.pl\/de\/wp-json\/wp\/v2\/media?parent=117747"}],"wp:term":[{"taxonomy":"category","embeddable":true,"href":"https:\/\/www.polishscience.pl\/de\/wp-json\/wp\/v2\/categories?post=117747"},{"taxonomy":"post_tag","embeddable":true,"href":"https:\/\/www.polishscience.pl\/de\/wp-json\/wp\/v2\/tags?post=117747"}],"curies":[{"name":"wp","href":"https:\/\/api.w.org\/{rel}","templated":true}]}}