{"id":117547,"date":"2020-03-02T13:44:43","date_gmt":"2020-03-02T12:44:43","guid":{"rendered":"http:\/\/polishscience.pl\/?p=117547"},"modified":"2020-03-02T14:44:56","modified_gmt":"2020-03-02T13:44:56","slug":"konferenz-frau-im-blickwinkel-der-sozialen-und-medizinischen-wissenschaften-in-lublin","status":"publish","type":"post","link":"https:\/\/www.polishscience.pl\/de\/konferenz-frau-im-blickwinkel-der-sozialen-und-medizinischen-wissenschaften-in-lublin\/","title":{"rendered":"Konferenz \u201eFrau im Blickwinkel der sozialen und medizinischen Wissenschaften\u201c in Lublin"},"content":{"rendered":"<p><strong>Die Hochschule f\u00fcr Sozialwissenschaften Lublin l\u00e4dt zur Teilnahme an der Interdisziplin\u00e4ren Wissenschaftlichen Konferenz \u201eFrau im Blickwinkel der sozialen und medizinischen Wissenschaften\u201c, die am 6. M\u00e4rz 2020 in Zamojska-Stra\u00dfe 47 in Lublin stattfinden wird, ein.<\/strong><\/p>\n<p>Das Ziel der Konferenz ist ein Meinungs- und Erfahrungsaustausch unter Experten, die sich mit den sozialen, medizinischen und Gesundheitswissenschaften besch\u00e4ftigen.<\/p>\n<p>Im Teil der Konferenz, der den Sozialwissenschaften gewidmet sein wird, wollen die Organisatoren folgende drei Themen behandeln: \u201eDie Rolle der Frau in den sich ver\u00e4ndernden Kontexten des gesellschaftlichen Lebens \u2013 Familie, Haus, Arbeit, Erholung\u201c, \u201eFrauen auf der B\u00fchne des \u00f6ffentlichen und politischen Lebens\u201c sowie \u201eBild der Frau in den Massenmedien\u201c.<\/p>\n<p>In der Sektion medizinische und Gesundheitswissenschaften werden sich die Teilnehmer auf folgende Fragen konzentrieren: \u201eGesundheit der Frauen in unterschiedlichen Phasen ihres Lebens \u2013 Bedrohungen, Krankheiten, Pr\u00e4ventionsma\u00dfnahmen und -programme\u201c sowie \u201eAnmut, Pflege, Versch\u00f6nerung des K\u00f6rpers \u2013 Ma\u00dfnahmen der Kosmetologen, Pharmakologen, Di\u00e4tassistenten, Dermatologen und Facharzte f\u00fcr \u00e4sthetische Medizin\u201c.<\/p>\n","protected":false},"excerpt":{"rendered":"<p>Die Hochschule f\u00fcr Sozialwissenschaften Lublin l\u00e4dt zur Teilnahme an der Interdisziplin\u00e4ren Wissenschaftlichen Konferenz \u201eFrau im Blickwinkel der sozialen und medizinischen Wissenschaften\u201c, die am 6. M\u00e4rz 2020 in Zamojska-Stra\u00dfe 47 in Lublin stattfinden wird, ein. Das Ziel der Konferenz ist ein Meinungs- und Erfahrungsaustausch unter Experten, die sich mit den sozialen, medizinischen und Gesundheitswissenschaften besch\u00e4ftigen. Im [&hellip;]<\/p>\n","protected":false},"author":9,"featured_media":0,"comment_status":"closed","ping_status":"closed","sticky":false,"template":"","format":"standard","meta":[],"categories":[65],"tags":[],"_links":{"self":[{"href":"https:\/\/www.polishscience.pl\/de\/wp-json\/wp\/v2\/posts\/117547"}],"collection":[{"href":"https:\/\/www.polishscience.pl\/de\/wp-json\/wp\/v2\/posts"}],"about":[{"href":"https:\/\/www.polishscience.pl\/de\/wp-json\/wp\/v2\/types\/post"}],"author":[{"embeddable":true,"href":"https:\/\/www.polishscience.pl\/de\/wp-json\/wp\/v2\/users\/9"}],"replies":[{"embeddable":true,"href":"https:\/\/www.polishscience.pl\/de\/wp-json\/wp\/v2\/comments?post=117547"}],"version-history":[{"count":0,"href":"https:\/\/www.polishscience.pl\/de\/wp-json\/wp\/v2\/posts\/117547\/revisions"}],"wp:attachment":[{"href":"https:\/\/www.polishscience.pl\/de\/wp-json\/wp\/v2\/media?parent=117547"}],"wp:term":[{"taxonomy":"category","embeddable":true,"href":"https:\/\/www.polishscience.pl\/de\/wp-json\/wp\/v2\/categories?post=117547"},{"taxonomy":"post_tag","embeddable":true,"href":"https:\/\/www.polishscience.pl\/de\/wp-json\/wp\/v2\/tags?post=117547"}],"curies":[{"name":"wp","href":"https:\/\/api.w.org\/{rel}","templated":true}]}}