{"id":116829,"date":"2020-02-25T14:02:55","date_gmt":"2020-02-25T13:02:55","guid":{"rendered":"http:\/\/polishscience.pl\/?p=116829"},"modified":"2020-02-25T14:46:13","modified_gmt":"2020-02-25T13:46:13","slug":"veritas-et-libertas-fotowettbewerb-anlaesslich-des-75-jahrestages-der-universitaet-lodz","status":"publish","type":"post","link":"https:\/\/www.polishscience.pl\/de\/veritas-et-libertas-fotowettbewerb-anlaesslich-des-75-jahrestages-der-universitaet-lodz\/","title":{"rendered":"\u201eVeritas et Libertas\u201d. Fotowettbewerb anl\u00e4sslich des 75. Jahrestages der Universit\u00e4t \u0141\u00f3d\u017a"},"content":{"rendered":"<p><strong>Anl\u00e4sslich des 75. Jahrestages ihrer Entstehung organisiert die Universit\u00e4t \u0141\u00f3d\u017a einen gesamtpolnischen Fotowettbewerb, dessen Leitthema das Motto der Universit\u00e4t \u0141\u00f3d\u017a \u201eVeritas et Libertas\u201d (\u201eWahrheit und Freiheit\u201c) ist.<\/strong><\/p>\n<p>Das Ziel dieser Veranstaltung ist die \u201eVisualisierung, Interpretation und Aktualisierung der Idee, die im Motto der Universit\u00e4t enthalten ist, und somit die Vorstellung und erneutes Definieren der Werte, auf denen die Universit\u00e4t \u0141\u00f3d\u017a gegr\u00fcndet wurde\u201c \u2013 erkl\u00e4rt der Kommissar des Wettbewerbs Prof. Dr. habil. Tomasz Ferenc.<\/p>\n<p>Der Wettbewerb hat einen offenen Charakter, es gibt keine Teilnahmebeschr\u00e4nkungen. Man will n\u00e4mlich eine m\u00f6glichst breite Plattform schaffen, die die K\u00fcnstler-Fotografiker aus ganz Polen, die in unterschiedlichen Stylen und Gattungen arbeiten, verbinden wird.<\/p>\n<p>Die Fotos kann man bis zum 10. Mai an die E-Mail-Adresse <a href=\"mailto:konkurs.foto@uni.lodz.pl\">konkurs.foto@uni.lodz.pl<\/a> senden. Der Hauptpreis betr\u00e4gt 5000 PLN.<\/p>\n","protected":false},"excerpt":{"rendered":"<p>Anl\u00e4sslich des 75. Jahrestages ihrer Entstehung organisiert die Universit\u00e4t \u0141\u00f3d\u017a einen gesamtpolnischen Fotowettbewerb, dessen Leitthema das Motto der Universit\u00e4t \u0141\u00f3d\u017a \u201eVeritas et Libertas\u201d (\u201eWahrheit und Freiheit\u201c) ist. Das Ziel dieser Veranstaltung ist die \u201eVisualisierung, Interpretation und Aktualisierung der Idee, die im Motto der Universit\u00e4t enthalten ist, und somit die Vorstellung und erneutes Definieren der Werte, [&hellip;]<\/p>\n","protected":false},"author":9,"featured_media":0,"comment_status":"closed","ping_status":"closed","sticky":false,"template":"","format":"standard","meta":[],"categories":[65],"tags":[],"_links":{"self":[{"href":"https:\/\/www.polishscience.pl\/de\/wp-json\/wp\/v2\/posts\/116829"}],"collection":[{"href":"https:\/\/www.polishscience.pl\/de\/wp-json\/wp\/v2\/posts"}],"about":[{"href":"https:\/\/www.polishscience.pl\/de\/wp-json\/wp\/v2\/types\/post"}],"author":[{"embeddable":true,"href":"https:\/\/www.polishscience.pl\/de\/wp-json\/wp\/v2\/users\/9"}],"replies":[{"embeddable":true,"href":"https:\/\/www.polishscience.pl\/de\/wp-json\/wp\/v2\/comments?post=116829"}],"version-history":[{"count":0,"href":"https:\/\/www.polishscience.pl\/de\/wp-json\/wp\/v2\/posts\/116829\/revisions"}],"wp:attachment":[{"href":"https:\/\/www.polishscience.pl\/de\/wp-json\/wp\/v2\/media?parent=116829"}],"wp:term":[{"taxonomy":"category","embeddable":true,"href":"https:\/\/www.polishscience.pl\/de\/wp-json\/wp\/v2\/categories?post=116829"},{"taxonomy":"post_tag","embeddable":true,"href":"https:\/\/www.polishscience.pl\/de\/wp-json\/wp\/v2\/tags?post=116829"}],"curies":[{"name":"wp","href":"https:\/\/api.w.org\/{rel}","templated":true}]}}