{"id":116613,"date":"2020-02-24T15:21:30","date_gmt":"2020-02-24T14:21:30","guid":{"rendered":"http:\/\/polishscience.pl\/?p=116613"},"modified":"2020-02-24T15:21:30","modified_gmt":"2020-02-24T14:21:30","slug":"kinderausbildung-in-historischer-perspektive-internationale-konferenz-in-gorzow-wielkopolski","status":"publish","type":"post","link":"https:\/\/www.polishscience.pl\/de\/kinderausbildung-in-historischer-perspektive-internationale-konferenz-in-gorzow-wielkopolski\/","title":{"rendered":"\u201eKinderausbildung in historischer Perspektive\u201d \u2013 internationale Konferenz in Gorz\u00f3w Wielkopolski"},"content":{"rendered":"<p><strong>Der Lehrstuhl f\u00fcr Kinderausbildung der Fakult\u00e4t f\u00fcr Geisteswissenschaften, Akademisches Zentrum f\u00fcr die Euroregionale Forschung und Akademisches Zentrum f\u00fcr Ukraineforschung der Jakob-von-Paradies-Akademie Gorz\u00f3w Wielkopolski und der Lehrstuhl f\u00fcr Sozial- und Geisteswissenschaften\u00a0 der Medizinischen Universit\u00e4t Posen laden am 11. Mai zur Internationalen Interdisziplin\u00e4ren Wissenschaftlichen Konferenz \u201eKinderausbildung in historischer Perspektive\u201d ein.<\/strong><\/p>\n<p>W\u00e4hrend der Konferenz wird man vielf\u00e4ltige Unterrichtsformen und -methoden, philosophische Systeme sowie Schulen und Einrichtungen, die mit der Ausbildung der gesunden und kranken Kinder im Lauf der Geschichte verbunden waren \u2013 sowohl in Polen als auch in der Welt \u2013 pr\u00e4sentieren.<\/p>\n<p>Die Veranstaltung ist an P\u00e4dagogen, Psychologen, Historiker, Sprachwissenschaftler, Literaturwissenschaftler, Philosophen, Lehrer und Forscher, die am Thema der Kinderausbildung interessiert sind, gerichtet \u2013 teilen die Organisatoren auf der Webseite der Hochschule mit.<\/p>\n","protected":false},"excerpt":{"rendered":"<p>Der Lehrstuhl f\u00fcr Kinderausbildung der Fakult\u00e4t f\u00fcr Geisteswissenschaften, Akademisches Zentrum f\u00fcr die Euroregionale Forschung und Akademisches Zentrum f\u00fcr Ukraineforschung der Jakob-von-Paradies-Akademie Gorz\u00f3w Wielkopolski und der Lehrstuhl f\u00fcr Sozial- und Geisteswissenschaften\u00a0 der Medizinischen Universit\u00e4t Posen laden am 11. Mai zur Internationalen Interdisziplin\u00e4ren Wissenschaftlichen Konferenz \u201eKinderausbildung in historischer Perspektive\u201d ein. W\u00e4hrend der Konferenz wird man vielf\u00e4ltige Unterrichtsformen [&hellip;]<\/p>\n","protected":false},"author":9,"featured_media":0,"comment_status":"closed","ping_status":"closed","sticky":false,"template":"","format":"standard","meta":[],"categories":[65],"tags":[],"_links":{"self":[{"href":"https:\/\/www.polishscience.pl\/de\/wp-json\/wp\/v2\/posts\/116613"}],"collection":[{"href":"https:\/\/www.polishscience.pl\/de\/wp-json\/wp\/v2\/posts"}],"about":[{"href":"https:\/\/www.polishscience.pl\/de\/wp-json\/wp\/v2\/types\/post"}],"author":[{"embeddable":true,"href":"https:\/\/www.polishscience.pl\/de\/wp-json\/wp\/v2\/users\/9"}],"replies":[{"embeddable":true,"href":"https:\/\/www.polishscience.pl\/de\/wp-json\/wp\/v2\/comments?post=116613"}],"version-history":[{"count":0,"href":"https:\/\/www.polishscience.pl\/de\/wp-json\/wp\/v2\/posts\/116613\/revisions"}],"wp:attachment":[{"href":"https:\/\/www.polishscience.pl\/de\/wp-json\/wp\/v2\/media?parent=116613"}],"wp:term":[{"taxonomy":"category","embeddable":true,"href":"https:\/\/www.polishscience.pl\/de\/wp-json\/wp\/v2\/categories?post=116613"},{"taxonomy":"post_tag","embeddable":true,"href":"https:\/\/www.polishscience.pl\/de\/wp-json\/wp\/v2\/tags?post=116613"}],"curies":[{"name":"wp","href":"https:\/\/api.w.org\/{rel}","templated":true}]}}