{"id":116437,"date":"2020-02-21T16:06:36","date_gmt":"2020-02-21T15:06:36","guid":{"rendered":"http:\/\/polishscience.pl\/?p=116437"},"modified":"2020-02-21T16:06:36","modified_gmt":"2020-02-21T15:06:36","slug":"comenius-universum-von-der-pansophie-bis-zur-globalisierung-konferenz-in-leszno","status":"publish","type":"post","link":"https:\/\/www.polishscience.pl\/de\/comenius-universum-von-der-pansophie-bis-zur-globalisierung-konferenz-in-leszno\/","title":{"rendered":"\u201eComenius-Universum \u2013 von der Pansophie bis zur Globalisierung\u201c \u2013 Konferenz in Leszno"},"content":{"rendered":"<p><strong>Die Staatliche Johann-Amos-Comenius-Fachhochschule Leszno l\u00e4dt zur Teilnahme an der Konferenz \u201eComenius-Universum \u2013 von der Pansophie bis zur Globalisierung\u201c ein. Die Konferenz wird w\u00e4hrend der Feierlichkeiten anl\u00e4sslich des Tages des Patrons stattfinden.<\/strong><\/p>\n<p>Die Organisatoren schlagen folgende Themenbereiche der Auftritte vor: Europ\u00e4ische Dimension des Lebens und Werkes von Johann Amos Comenius, Philosophie von Johann Amos Comenius, Gesellschaft und Familie in den Konzepten von Johann Amos Comenius, Universalit\u00e4t der p\u00e4dagogischen Gedanke von Johann Amos Comenius, Wahrnehmung der Philosophie von Johann Amos Comenius im Laufe der Jahrhunderte.<\/p>\n<p>Leszno war eine der Wohnorte von Comenius. In dieser Stadt hat er seine p\u00e4dagogischen Ideen, die in Didactica magna enthalten sind, sowie das Konzept der Pansophie entwickelt. Er arbeitete auch in dortigen Ausbildungseinrichtungen, wo er seine innovativen L\u00f6sungen implementierte. Der Aufenthalt in Leszno von Comenius war wahrscheinlich die produktivste Schaffensperiode seines Lebens \u2013 liest man auf der Webseite der Universit\u00e4t.<\/p>\n","protected":false},"excerpt":{"rendered":"<p>Die Staatliche Johann-Amos-Comenius-Fachhochschule Leszno l\u00e4dt zur Teilnahme an der Konferenz \u201eComenius-Universum \u2013 von der Pansophie bis zur Globalisierung\u201c ein. Die Konferenz wird w\u00e4hrend der Feierlichkeiten anl\u00e4sslich des Tages des Patrons stattfinden. Die Organisatoren schlagen folgende Themenbereiche der Auftritte vor: Europ\u00e4ische Dimension des Lebens und Werkes von Johann Amos Comenius, Philosophie von Johann Amos Comenius, Gesellschaft [&hellip;]<\/p>\n","protected":false},"author":9,"featured_media":0,"comment_status":"closed","ping_status":"closed","sticky":false,"template":"","format":"standard","meta":[],"categories":[65],"tags":[],"_links":{"self":[{"href":"https:\/\/www.polishscience.pl\/de\/wp-json\/wp\/v2\/posts\/116437"}],"collection":[{"href":"https:\/\/www.polishscience.pl\/de\/wp-json\/wp\/v2\/posts"}],"about":[{"href":"https:\/\/www.polishscience.pl\/de\/wp-json\/wp\/v2\/types\/post"}],"author":[{"embeddable":true,"href":"https:\/\/www.polishscience.pl\/de\/wp-json\/wp\/v2\/users\/9"}],"replies":[{"embeddable":true,"href":"https:\/\/www.polishscience.pl\/de\/wp-json\/wp\/v2\/comments?post=116437"}],"version-history":[{"count":0,"href":"https:\/\/www.polishscience.pl\/de\/wp-json\/wp\/v2\/posts\/116437\/revisions"}],"wp:attachment":[{"href":"https:\/\/www.polishscience.pl\/de\/wp-json\/wp\/v2\/media?parent=116437"}],"wp:term":[{"taxonomy":"category","embeddable":true,"href":"https:\/\/www.polishscience.pl\/de\/wp-json\/wp\/v2\/categories?post=116437"},{"taxonomy":"post_tag","embeddable":true,"href":"https:\/\/www.polishscience.pl\/de\/wp-json\/wp\/v2\/tags?post=116437"}],"curies":[{"name":"wp","href":"https:\/\/api.w.org\/{rel}","templated":true}]}}