{"id":116177,"date":"2020-02-20T15:00:28","date_gmt":"2020-02-20T14:00:28","guid":{"rendered":"http:\/\/polishscience.pl\/?p=116177"},"modified":"2020-02-20T15:24:14","modified_gmt":"2020-02-20T14:24:14","slug":"ausserordentliche-tagung-der-polnischen-physiker-anlaesslich-des-100-jahrestages-der-polnischen-gesellschaft-fuer-physik-im-april","status":"publish","type":"post","link":"https:\/\/www.polishscience.pl\/de\/ausserordentliche-tagung-der-polnischen-physiker-anlaesslich-des-100-jahrestages-der-polnischen-gesellschaft-fuer-physik-im-april\/","title":{"rendered":"Au\u00dferordentliche Tagung der Polnischen Physiker anl\u00e4sslich des 100. Jahrestages der Polnischen Gesellschaft f\u00fcr Physik im April"},"content":{"rendered":"<p><strong>Vom 24. bis zum 26. April 2020 wird in Warschau die au\u00dferordentliche Tagung der Polnischen Physiker anl\u00e4sslich des 100. Jahrestages der Polnischen Gesellschaft f\u00fcr Physik (PTF) stattfinden. Die Schirmherrschaft \u00fcber die Veranstaltung hat stellvertretender Ministerpr\u00e4sident, Minister f\u00fcr Wissenschaft und Hochschulbildung Jaros\u0142aw Gowin \u00fcbernommen.<\/strong><\/p>\n<p>Auf der Tagung wird man die Leistungen der polnischen Physik und ihre Bedeutung f\u00fcr die Entwicklung Polens in den 100 Jahren des Funktionierens der Polnischen Gesellschaft f\u00fcr Physik pr\u00e4sentieren.<\/p>\n<p>Das Treffen wird drei Tage lang dauern. Am ersten Tag wird man sich mit den geschichtlichen Aspekten des vergangenen Zeitraums von hundert Jahren der Physik in Polen besch\u00e4ftigen. Die Veranstaltung wird im Geb\u00e4ude der Physik der Technischen Universit\u00e4t Warschau, am Ort, wo die Polnische Gesellschaft f\u00fcr Physik gegr\u00fcndet wurde, stattfinden.<\/p>\n<p>Der zweite Tag der Tagung wird der Gegenwart gewidmet sein. Die Physiker werden in das moderne Geb\u00e4ude der Physik der Universit\u00e4t Warschau umziehen. Dort werden Autoren der spektakul\u00e4ren Leistungen im Bereich der polnischen Physik und gleichzeitig herausragende Wissenschaftsvermittler in allgemein verst\u00e4ndlichen Worten \u00fcber ihre Forschung erz\u00e4hlen.<\/p>\n<p>Der dritte Tag der Tagung wird ein Feier der Lehrer sein. Ausgezeichnete polnische Didaktiker werden die Geschichte des Physikunterrichts besprechen.<\/p>\n","protected":false},"excerpt":{"rendered":"<p>Vom 24. bis zum 26. April 2020 wird in Warschau die au\u00dferordentliche Tagung der Polnischen Physiker anl\u00e4sslich des 100. Jahrestages der Polnischen Gesellschaft f\u00fcr Physik (PTF) stattfinden. Die Schirmherrschaft \u00fcber die Veranstaltung hat stellvertretender Ministerpr\u00e4sident, Minister f\u00fcr Wissenschaft und Hochschulbildung Jaros\u0142aw Gowin \u00fcbernommen. Auf der Tagung wird man die Leistungen der polnischen Physik und ihre [&hellip;]<\/p>\n","protected":false},"author":9,"featured_media":0,"comment_status":"closed","ping_status":"closed","sticky":false,"template":"","format":"standard","meta":[],"categories":[65],"tags":[],"_links":{"self":[{"href":"https:\/\/www.polishscience.pl\/de\/wp-json\/wp\/v2\/posts\/116177"}],"collection":[{"href":"https:\/\/www.polishscience.pl\/de\/wp-json\/wp\/v2\/posts"}],"about":[{"href":"https:\/\/www.polishscience.pl\/de\/wp-json\/wp\/v2\/types\/post"}],"author":[{"embeddable":true,"href":"https:\/\/www.polishscience.pl\/de\/wp-json\/wp\/v2\/users\/9"}],"replies":[{"embeddable":true,"href":"https:\/\/www.polishscience.pl\/de\/wp-json\/wp\/v2\/comments?post=116177"}],"version-history":[{"count":0,"href":"https:\/\/www.polishscience.pl\/de\/wp-json\/wp\/v2\/posts\/116177\/revisions"}],"wp:attachment":[{"href":"https:\/\/www.polishscience.pl\/de\/wp-json\/wp\/v2\/media?parent=116177"}],"wp:term":[{"taxonomy":"category","embeddable":true,"href":"https:\/\/www.polishscience.pl\/de\/wp-json\/wp\/v2\/categories?post=116177"},{"taxonomy":"post_tag","embeddable":true,"href":"https:\/\/www.polishscience.pl\/de\/wp-json\/wp\/v2\/tags?post=116177"}],"curies":[{"name":"wp","href":"https:\/\/api.w.org\/{rel}","templated":true}]}}