{"id":116174,"date":"2020-02-20T15:24:09","date_gmt":"2020-02-20T14:24:09","guid":{"rendered":"http:\/\/polishscience.pl\/?p=116174"},"modified":"2020-02-20T15:24:09","modified_gmt":"2020-02-20T14:24:09","slug":"11-tag-des-historikers-an-der-maria-sklodowska-curie-universitaet-lublin","status":"publish","type":"post","link":"https:\/\/www.polishscience.pl\/de\/11-tag-des-historikers-an-der-maria-sklodowska-curie-universitaet-lublin\/","title":{"rendered":"11. Tag des Historikers an der Maria-Sk\u0142odowska-Curie-Universit\u00e4t Lublin"},"content":{"rendered":"<p><strong>Der 11. Tag des Historikers, der vom Institut f\u00fcr Geschichte der Maria-Sk\u0142odowska-Curie-Universit\u00e4t Lublin organisiert wird, wird am Freitag, dem 21. Februar zwischen 10:00 Uhr und 13:30 Uhr an der Fakult\u00e4t f\u00fcr Geisteswissenschaften der Universit\u00e4t stattfinden. Dieses Jahr lautet das Motto der Veranstaltung: \u201eSlawen, wir lieben Idyllen &#8211; Freizeit der Polen\u201c.<\/strong><\/p>\n<p>Die Teilnahme am 11. Tag des Historikers haben 14 allgemeinbildende Lyzeen aus der ganzen Region angek\u00fcndigt. Die Angekommenen werden eine Gelegenheit haben, an acht Workshops und sechs Plenardebatten zu historischen Themen teilzunehmen.<\/p>\n<p>Man wird auch Vortr\u00e4ge \u00fcber die Freizeitaktivit\u00e4ten im ehemaligen Polen, die in der Gro\u00dfen Aula der Fakult\u00e4t f\u00fcr Geisteswissenschaften stattfinden werden, anh\u00f6ren k\u00f6nnen.<\/p>\n<p>W\u00e4hrend der Veranstaltung wird man solche Themen wie u.a.: Geschichte in Computerspielen, B\u00fchnenlieder in der Volksrepublik Polen als historische Quellen, Karikatur in der Stalin-\u00c4ra als Propagandainstrument und allt\u00e4gliches Leben in Lublin w\u00e4hrend des zweiten Weltkrieges behandeln.<\/p>\n","protected":false},"excerpt":{"rendered":"<p>Der 11. Tag des Historikers, der vom Institut f\u00fcr Geschichte der Maria-Sk\u0142odowska-Curie-Universit\u00e4t Lublin organisiert wird, wird am Freitag, dem 21. Februar zwischen 10:00 Uhr und 13:30 Uhr an der Fakult\u00e4t f\u00fcr Geisteswissenschaften der Universit\u00e4t stattfinden. Dieses Jahr lautet das Motto der Veranstaltung: \u201eSlawen, wir lieben Idyllen &#8211; Freizeit der Polen\u201c. Die Teilnahme am 11. Tag [&hellip;]<\/p>\n","protected":false},"author":9,"featured_media":0,"comment_status":"closed","ping_status":"closed","sticky":false,"template":"","format":"standard","meta":[],"categories":[61,65],"tags":[],"_links":{"self":[{"href":"https:\/\/www.polishscience.pl\/de\/wp-json\/wp\/v2\/posts\/116174"}],"collection":[{"href":"https:\/\/www.polishscience.pl\/de\/wp-json\/wp\/v2\/posts"}],"about":[{"href":"https:\/\/www.polishscience.pl\/de\/wp-json\/wp\/v2\/types\/post"}],"author":[{"embeddable":true,"href":"https:\/\/www.polishscience.pl\/de\/wp-json\/wp\/v2\/users\/9"}],"replies":[{"embeddable":true,"href":"https:\/\/www.polishscience.pl\/de\/wp-json\/wp\/v2\/comments?post=116174"}],"version-history":[{"count":0,"href":"https:\/\/www.polishscience.pl\/de\/wp-json\/wp\/v2\/posts\/116174\/revisions"}],"wp:attachment":[{"href":"https:\/\/www.polishscience.pl\/de\/wp-json\/wp\/v2\/media?parent=116174"}],"wp:term":[{"taxonomy":"category","embeddable":true,"href":"https:\/\/www.polishscience.pl\/de\/wp-json\/wp\/v2\/categories?post=116174"},{"taxonomy":"post_tag","embeddable":true,"href":"https:\/\/www.polishscience.pl\/de\/wp-json\/wp\/v2\/tags?post=116174"}],"curies":[{"name":"wp","href":"https:\/\/api.w.org\/{rel}","templated":true}]}}