{"id":115587,"date":"2020-02-17T17:07:31","date_gmt":"2020-02-17T16:07:31","guid":{"rendered":"http:\/\/polishscience.pl\/?p=115587"},"modified":"2020-02-17T17:07:31","modified_gmt":"2020-02-17T16:07:31","slug":"bewerbung-fuer-die-akademie-der-west-und-nordgebiete","status":"publish","type":"post","link":"https:\/\/www.polishscience.pl\/de\/bewerbung-fuer-die-akademie-der-west-und-nordgebiete\/","title":{"rendered":"Bewerbung f\u00fcr die Akademie der West- und Nordgebiete"},"content":{"rendered":"<p><strong>Das Netzwerk der West- und Nordgebiete leitet die Bewerbung f\u00fcr die 1. Auflage der Akademie der West- und Nordgebiete, die unter dem Motto \u201eWest- und Nordgebiete \u2013 Region oder Regionen?\u201c stattfinden wird, ein. Die Anmeldungen kann man bis zum 28. Februar einreichen \u2013 liest man auf der Webseite der Universit\u00e4t Breslau.<\/strong><\/p>\n<p>Das Ziel der Akademie ist die kognitive Entwicklung im interdisziplin\u00e4ren Geist und Verbesserung des Wissens der Forscher von polnischen Forschungseinrichtungen, die Magister-, Promotionsarbeiten oder andere Abhandlungen \u00fcber West- und Nordgebiete vorbereiten. Die Akademie soll zum Raums f\u00fcr die Diskussion \u00fcber die von ihnen durchgef\u00fchrte Forschung, den Vergleich der Forschungsergebnisse und die Entwicklung der Workshopsf\u00e4higkeiten, die mit methodischen und Quellenfragen verbunden sind, werden.<\/p>\n<p>Zur Teilnahme an der Akademie sind Forscher aus Polen eingeladen, die wissenschaftliche Forschung im Bereich der Geisteswissenschaften \u00fcber die Zukunft und Gegenwart dieser Gebiete, die in den polnischen Staat infolge des Zweiten Weltkriegs aufgenommen wurden, durchf\u00fchren.<\/p>\n<p>Mehr: <a href=\"https:\/\/uni.wroc.pl\/trwa-nabor-do-akademii-ziem-zachodnich-i-polnocnych\/\">https:\/\/uni.wroc.pl\/trwa-nabor-do-akademii-ziem-zachodnich-i-polnocnych\/<\/a><\/p>\n","protected":false},"excerpt":{"rendered":"<p>Das Netzwerk der West- und Nordgebiete leitet die Bewerbung f\u00fcr die 1. Auflage der Akademie der West- und Nordgebiete, die unter dem Motto \u201eWest- und Nordgebiete \u2013 Region oder Regionen?\u201c stattfinden wird, ein. Die Anmeldungen kann man bis zum 28. Februar einreichen \u2013 liest man auf der Webseite der Universit\u00e4t Breslau. Das Ziel der Akademie [&hellip;]<\/p>\n","protected":false},"author":9,"featured_media":0,"comment_status":"closed","ping_status":"closed","sticky":false,"template":"","format":"standard","meta":[],"categories":[61,59],"tags":[],"_links":{"self":[{"href":"https:\/\/www.polishscience.pl\/de\/wp-json\/wp\/v2\/posts\/115587"}],"collection":[{"href":"https:\/\/www.polishscience.pl\/de\/wp-json\/wp\/v2\/posts"}],"about":[{"href":"https:\/\/www.polishscience.pl\/de\/wp-json\/wp\/v2\/types\/post"}],"author":[{"embeddable":true,"href":"https:\/\/www.polishscience.pl\/de\/wp-json\/wp\/v2\/users\/9"}],"replies":[{"embeddable":true,"href":"https:\/\/www.polishscience.pl\/de\/wp-json\/wp\/v2\/comments?post=115587"}],"version-history":[{"count":0,"href":"https:\/\/www.polishscience.pl\/de\/wp-json\/wp\/v2\/posts\/115587\/revisions"}],"wp:attachment":[{"href":"https:\/\/www.polishscience.pl\/de\/wp-json\/wp\/v2\/media?parent=115587"}],"wp:term":[{"taxonomy":"category","embeddable":true,"href":"https:\/\/www.polishscience.pl\/de\/wp-json\/wp\/v2\/categories?post=115587"},{"taxonomy":"post_tag","embeddable":true,"href":"https:\/\/www.polishscience.pl\/de\/wp-json\/wp\/v2\/tags?post=115587"}],"curies":[{"name":"wp","href":"https:\/\/api.w.org\/{rel}","templated":true}]}}