{"id":115136,"date":"2020-02-13T14:15:16","date_gmt":"2020-02-13T13:15:16","guid":{"rendered":"http:\/\/polishscience.pl\/?p=115136"},"modified":"2020-02-13T14:15:16","modified_gmt":"2020-02-13T13:15:16","slug":"konferenz-sozialwissenschaftliche-bewegung-im-uebergangsprozess-in-plock","status":"publish","type":"post","link":"https:\/\/www.polishscience.pl\/de\/konferenz-sozialwissenschaftliche-bewegung-im-uebergangsprozess-in-plock\/","title":{"rendered":"Konferenz \u201eSozialwissenschaftliche Bewegung im \u00dcbergangsprozess\u201c in P\u0142ock"},"content":{"rendered":"<p><strong>Anl\u00e4sslich des 200. Jahrestages der Wissenschaftlichen Gesellschaft P\u0142ock organisiert diese Gesellschaft in der Zusammenarbeit mit dem Rat der Wissenschaftlichen Gemeinschaften der Polnischen Akademie der Wissenschaften am 5. und 6. Juni eine wissenschaftliche Konferenz mit dem Titel \u201eSozialwissenschaftliche Bewegung im \u00dcbergangsprozess\u201c.<\/strong><\/p>\n<p>Der 200. Jahrestag der Wissenschaftlichen Gesellschaft P\u0142ock soll eine Gelegenheit zur Reflexion \u00fcber die sozialwissenschaftliche Bewegung als Element der Wissenschaftslandschaft und des kollektiven Lebens sein. Das Ziel der Konferenz ist die Darstellung der sozialwissenschaftlichen Bewegung als eines Ergebnisses und geleichzeitig Faktors des sozialen Wandels.<\/p>\n<p>W\u00e4hrend der Konferenz wird man folgende Probleme behandeln: Ver\u00e4nderungen der wissenschaftlichen Gesellschaften, Rollen und Funktionen der wissenschaftlichen Gemeinschaften in der sich ver\u00e4ndernden Wirklichkeit, Vielfalt der Ziel und der Handlungsformen der sozialwissenschaftlichen Bewegung, die Zukunft wissenschaftlicher Gesellschaften.<\/p>\n","protected":false},"excerpt":{"rendered":"<p>Anl\u00e4sslich des 200. Jahrestages der Wissenschaftlichen Gesellschaft P\u0142ock organisiert diese Gesellschaft in der Zusammenarbeit mit dem Rat der Wissenschaftlichen Gemeinschaften der Polnischen Akademie der Wissenschaften am 5. und 6. Juni eine wissenschaftliche Konferenz mit dem Titel \u201eSozialwissenschaftliche Bewegung im \u00dcbergangsprozess\u201c. Der 200. Jahrestag der Wissenschaftlichen Gesellschaft P\u0142ock soll eine Gelegenheit zur Reflexion \u00fcber die sozialwissenschaftliche [&hellip;]<\/p>\n","protected":false},"author":9,"featured_media":0,"comment_status":"closed","ping_status":"closed","sticky":false,"template":"","format":"standard","meta":[],"categories":[65],"tags":[],"_links":{"self":[{"href":"https:\/\/www.polishscience.pl\/de\/wp-json\/wp\/v2\/posts\/115136"}],"collection":[{"href":"https:\/\/www.polishscience.pl\/de\/wp-json\/wp\/v2\/posts"}],"about":[{"href":"https:\/\/www.polishscience.pl\/de\/wp-json\/wp\/v2\/types\/post"}],"author":[{"embeddable":true,"href":"https:\/\/www.polishscience.pl\/de\/wp-json\/wp\/v2\/users\/9"}],"replies":[{"embeddable":true,"href":"https:\/\/www.polishscience.pl\/de\/wp-json\/wp\/v2\/comments?post=115136"}],"version-history":[{"count":0,"href":"https:\/\/www.polishscience.pl\/de\/wp-json\/wp\/v2\/posts\/115136\/revisions"}],"wp:attachment":[{"href":"https:\/\/www.polishscience.pl\/de\/wp-json\/wp\/v2\/media?parent=115136"}],"wp:term":[{"taxonomy":"category","embeddable":true,"href":"https:\/\/www.polishscience.pl\/de\/wp-json\/wp\/v2\/categories?post=115136"},{"taxonomy":"post_tag","embeddable":true,"href":"https:\/\/www.polishscience.pl\/de\/wp-json\/wp\/v2\/tags?post=115136"}],"curies":[{"name":"wp","href":"https:\/\/api.w.org\/{rel}","templated":true}]}}