{"id":114842,"date":"2020-02-12T15:55:50","date_gmt":"2020-02-12T14:55:50","guid":{"rendered":"http:\/\/polishscience.pl\/?p=114842"},"modified":"2020-02-12T15:55:50","modified_gmt":"2020-02-12T14:55:50","slug":"konferenz-in-bialystok-ueber-trends-in-der-kommunikation-der-hochschulen","status":"publish","type":"post","link":"https:\/\/www.polishscience.pl\/de\/konferenz-in-bialystok-ueber-trends-in-der-kommunikation-der-hochschulen\/","title":{"rendered":"Konferenz in Bia\u0142ystok \u00fcber Trends in der Kommunikation der Hochschulen"},"content":{"rendered":"<p><strong>Vom 15. bis zum 18. M\u00e4rz 2020 wird in Bia\u0142ystok die 34. Konferenz der Vereinigung f\u00fcr PR und F\u00f6rderung der Polnischen Hochschulen \u201ePRom\u201c stattfinden. Die Technische Universit\u00e4t Bia\u0142ystok ist Mitorganisatorin der Veranstaltung.<\/strong><\/p>\n<p>Die Konferenzen der Vereinigung f\u00fcr PR und F\u00f6rderung der Polnischen Hochschulen \u201ePRom\u201c sind zyklische Veranstaltungen. Die Konferenz in Bia\u0142ystok wird unter dem Motto \u201eTrend in der Kommunikation der Hochschulen. Perspektiven f\u00fcr die Zukunft\u201c stattfinden. Die Schirmherrschaft \u00fcber diese Veranstaltung haben der Minister f\u00fcr Wissenschaft und Hochschulbildung und der Rektor der Technischen Universit\u00e4t Bia\u0142ystok \u00fcbernommen.<\/p>\n<p>Die Veranstaltung ist an Mitarbeiter, die an Hochschulen f\u00fcr die Informationspolitik, Kommunikation und Marketing zust\u00e4ndig sind, insbesondere Mitarbeiter der F\u00f6rderungsb\u00fcros, des Marketings und Pressesprecher gerichtet.<\/p>\n","protected":false},"excerpt":{"rendered":"<p>Vom 15. bis zum 18. M\u00e4rz 2020 wird in Bia\u0142ystok die 34. Konferenz der Vereinigung f\u00fcr PR und F\u00f6rderung der Polnischen Hochschulen \u201ePRom\u201c stattfinden. Die Technische Universit\u00e4t Bia\u0142ystok ist Mitorganisatorin der Veranstaltung. Die Konferenzen der Vereinigung f\u00fcr PR und F\u00f6rderung der Polnischen Hochschulen \u201ePRom\u201c sind zyklische Veranstaltungen. Die Konferenz in Bia\u0142ystok wird unter dem Motto [&hellip;]<\/p>\n","protected":false},"author":9,"featured_media":0,"comment_status":"closed","ping_status":"closed","sticky":false,"template":"","format":"standard","meta":[],"categories":[65],"tags":[],"_links":{"self":[{"href":"https:\/\/www.polishscience.pl\/de\/wp-json\/wp\/v2\/posts\/114842"}],"collection":[{"href":"https:\/\/www.polishscience.pl\/de\/wp-json\/wp\/v2\/posts"}],"about":[{"href":"https:\/\/www.polishscience.pl\/de\/wp-json\/wp\/v2\/types\/post"}],"author":[{"embeddable":true,"href":"https:\/\/www.polishscience.pl\/de\/wp-json\/wp\/v2\/users\/9"}],"replies":[{"embeddable":true,"href":"https:\/\/www.polishscience.pl\/de\/wp-json\/wp\/v2\/comments?post=114842"}],"version-history":[{"count":0,"href":"https:\/\/www.polishscience.pl\/de\/wp-json\/wp\/v2\/posts\/114842\/revisions"}],"wp:attachment":[{"href":"https:\/\/www.polishscience.pl\/de\/wp-json\/wp\/v2\/media?parent=114842"}],"wp:term":[{"taxonomy":"category","embeddable":true,"href":"https:\/\/www.polishscience.pl\/de\/wp-json\/wp\/v2\/categories?post=114842"},{"taxonomy":"post_tag","embeddable":true,"href":"https:\/\/www.polishscience.pl\/de\/wp-json\/wp\/v2\/tags?post=114842"}],"curies":[{"name":"wp","href":"https:\/\/api.w.org\/{rel}","templated":true}]}}