{"id":114840,"date":"2020-02-12T16:12:37","date_gmt":"2020-02-12T15:12:37","guid":{"rendered":"http:\/\/polishscience.pl\/?p=114840"},"modified":"2020-02-12T16:34:15","modified_gmt":"2020-02-12T15:34:15","slug":"winterschule-memory-in-conflict-an-der-universitaet-warschau","status":"publish","type":"post","link":"https:\/\/www.polishscience.pl\/de\/winterschule-memory-in-conflict-an-der-universitaet-warschau\/","title":{"rendered":"Winterschule \u201eMemory in conflict\u201d an der Universit\u00e4t Warschau"},"content":{"rendered":"<p><strong>An der Universit\u00e4t Warschau begann die Winterschule \u201eMemory in conflict\u201d, die der Komplexit\u00e4t der europ\u00e4ischen Ged\u00e4chtnisse gewidmet ist. An der Schule beteiligen sich 28 Studierende und Doktoranden, vor allem von den Hochschulen der 4EU+ Alliance.<\/strong><\/p>\n<p>Die Veranstaltung wird im Rahmen des zweiten Leitprogramms \u201eEuropa in der sich ver\u00e4ndernden Welt: Verst\u00e4ndnis f\u00fcr die Gesellschaften, Wirtschaften, Kulturen und Sprachen\u201c organisiert.<\/p>\n<p>Wie die Universit\u00e4t Warschau informiert, wird das Thema der Winterschule kollektive Erinnerung an Konflikte und widerspr\u00fcchliche Ged\u00e4chtnisse, die im Zuge der gegenseitigen Erfahrung entstanden sind, betreffen. An der Veranstaltung beteiligen sich Doktoranden und Studierende der Hochschulen, die zu der Hochschulallianz 4EU+ geh\u00f6ren: Universit\u00e4t Warschau, Karls-Universit\u00e4t Prag, Universit\u00e4t Heidelberg, Universit\u00e4t Kopenhagen und der Universit\u00e4t Sorbonne. Sie vertreten unterschiedliche Wissenschaftsdisziplinen: Psychologie, Soziologie, Anthropologie, Geschichte, Literatur, Politikwissenschaften und Kulturwissenschaft.<\/p>\n","protected":false},"excerpt":{"rendered":"<p>An der Universit\u00e4t Warschau begann die Winterschule \u201eMemory in conflict\u201d, die der Komplexit\u00e4t der europ\u00e4ischen Ged\u00e4chtnisse gewidmet ist. An der Schule beteiligen sich 28 Studierende und Doktoranden, vor allem von den Hochschulen der 4EU+ Alliance. Die Veranstaltung wird im Rahmen des zweiten Leitprogramms \u201eEuropa in der sich ver\u00e4ndernden Welt: Verst\u00e4ndnis f\u00fcr die Gesellschaften, Wirtschaften, Kulturen [&hellip;]<\/p>\n","protected":false},"author":9,"featured_media":0,"comment_status":"closed","ping_status":"closed","sticky":false,"template":"","format":"standard","meta":[],"categories":[59,65],"tags":[],"_links":{"self":[{"href":"https:\/\/www.polishscience.pl\/de\/wp-json\/wp\/v2\/posts\/114840"}],"collection":[{"href":"https:\/\/www.polishscience.pl\/de\/wp-json\/wp\/v2\/posts"}],"about":[{"href":"https:\/\/www.polishscience.pl\/de\/wp-json\/wp\/v2\/types\/post"}],"author":[{"embeddable":true,"href":"https:\/\/www.polishscience.pl\/de\/wp-json\/wp\/v2\/users\/9"}],"replies":[{"embeddable":true,"href":"https:\/\/www.polishscience.pl\/de\/wp-json\/wp\/v2\/comments?post=114840"}],"version-history":[{"count":0,"href":"https:\/\/www.polishscience.pl\/de\/wp-json\/wp\/v2\/posts\/114840\/revisions"}],"wp:attachment":[{"href":"https:\/\/www.polishscience.pl\/de\/wp-json\/wp\/v2\/media?parent=114840"}],"wp:term":[{"taxonomy":"category","embeddable":true,"href":"https:\/\/www.polishscience.pl\/de\/wp-json\/wp\/v2\/categories?post=114840"},{"taxonomy":"post_tag","embeddable":true,"href":"https:\/\/www.polishscience.pl\/de\/wp-json\/wp\/v2\/tags?post=114840"}],"curies":[{"name":"wp","href":"https:\/\/api.w.org\/{rel}","templated":true}]}}